{"id":9281,"date":"2026-08-31T09:18:34","date_gmt":"2026-08-31T13:18:34","guid":{"rendered":"https:\/\/martinique2050.com\/?p=9281"},"modified":"2026-08-31T09:18:34","modified_gmt":"2026-08-31T13:18:34","slug":"collecte-des-dechets-dans-le-sud-lespace-sud-promet-un-retour-a-la-normale","status":"publish","type":"post","link":"https:\/\/martinique2050.com\/en\/collecte-des-dechets-dans-le-sud-lespace-sud-promet-un-retour-a-la-normale\/","title":{"rendered":"Collecte des d\u00e9chets dans le Sud : l&rsquo;Espace Sud promet un retour \u00e0 la normale"},"content":{"rendered":"<p><span style=\"font-weight: 400\"><img fetchpriority=\"high\" decoding=\"async\" class=\"aligncenter wp-image-9282 size-large\" src=\"https:\/\/martinique2050.com\/wp-content\/uploads\/2026\/08\/WhatsApp-Image-2026-08-31-at-08.49.05-1024x576.jpeg\" alt=\"WhatsApp Image 2026-08-31 at 08.49.05\" width=\"1024\" height=\"576\" srcset=\"https:\/\/martinique2050.com\/wp-content\/uploads\/2026\/08\/WhatsApp-Image-2026-08-31-at-08.49.05-1024x576.jpeg 1024w, https:\/\/martinique2050.com\/wp-content\/uploads\/2026\/08\/WhatsApp-Image-2026-08-31-at-08.49.05-300x169.jpeg 300w, https:\/\/martinique2050.com\/wp-content\/uploads\/2026\/08\/WhatsApp-Image-2026-08-31-at-08.49.05-768x432.jpeg 768w, https:\/\/martinique2050.com\/wp-content\/uploads\/2026\/08\/WhatsApp-Image-2026-08-31-at-08.49.05-1536x864.jpeg 1536w, https:\/\/martinique2050.com\/wp-content\/uploads\/2026\/08\/WhatsApp-Image-2026-08-31-at-08.49.05-18x10.jpeg 18w, https:\/\/martinique2050.com\/wp-content\/uploads\/2026\/08\/WhatsApp-Image-2026-08-31-at-08.49.05-390x220.jpeg 390w, https:\/\/martinique2050.com\/wp-content\/uploads\/2026\/08\/WhatsApp-Image-2026-08-31-at-08.49.05-1320x743.jpeg 1320w, https:\/\/martinique2050.com\/wp-content\/uploads\/2026\/08\/WhatsApp-Image-2026-08-31-at-08.49.05-scaled.jpeg 1600w\" sizes=\"(max-width: 1024px) 100vw, 1024px\" \/><\/span><\/p>\n<p><span style=\"font-weight: 400\">Cinq mois apr\u00e8s le changement de collecte, les bacs d\u00e9bordent encore dans le Sud. Le 27 ao\u00fbt \u00e0 Rivi\u00e8re-Sal\u00e9e, l&rsquo;Espace Sud a reconnu un d\u00e9ficit de communication et d\u00e9taill\u00e9 les causes des retards : camions manquants, exutoires satur\u00e9s, tri encore approximatif.\u00a0<\/span><\/p>\n<p style=\"text-align: center\"><span style=\"font-weight: 400\"><strong>Objectif affich\u00e9 :<\/strong> une situation normalis\u00e9e d&rsquo;ici quelques mois, sans hausse de la taxe.<\/span><\/p>\n<table>\n<tbody>\n<tr>\n<td><b>50 t\/jour<\/b><\/td>\n<td><span style=\"font-weight: 400\">quota actuel de l&rsquo;Espace Sud \u00e0 l&rsquo;incin\u00e9rateur de Fort-de-France, contre 100 en temps normal<\/span><\/td>\n<\/tr>\n<tr>\n<td><b>5 sur 20<\/b><\/td>\n<td><span style=\"font-weight: 400\">camions livr\u00e9s au prestataire de la c\u00f4te cara\u00efbe ; les derniers attendus en f\u00e9vrier-mars 2027<\/span><\/td>\n<\/tr>\n<tr>\n<td><b>106 t<\/b><\/td>\n<td><span style=\"font-weight: 400\">d&#8217;emballages collect\u00e9es en juillet sur la c\u00f4te atlantique, + 15 % par rapport \u00e0 juin<\/span><\/td>\n<\/tr>\n<tr>\n<td><b>30 t<\/b><\/td>\n<td><span style=\"font-weight: 400\">de d\u00e9chets alimentaires sur la m\u00eame p\u00e9riode, en croissance continue<\/span><\/td>\n<\/tr>\n<tr>\n<td><b>30 M\u20ac<\/b><\/td>\n<td><span style=\"font-weight: 400\">consacr\u00e9s chaque ann\u00e9e aux d\u00e9chets, sur un budget de 91 M\u20ac<\/span><\/td>\n<\/tr>\n<tr>\n<td><b>88 \u00e9coles<\/b><\/td>\n<td><span style=\"font-weight: 400\">cibl\u00e9es par la campagne de sensibilisation \u00e0 la rentr\u00e9e<\/span><\/td>\n<\/tr>\n<\/tbody>\n<\/table>\n<p><span style=\"font-weight: 400\">Les bacs d\u00e9bordent toujours dans le Sud. Cinq mois apr\u00e8s le changement de march\u00e9, l&rsquo;Espace Sud a fini par s&rsquo;expliquer publiquement. Et le probl\u00e8me n&rsquo;est pas seulement dans les camions.<\/span><\/p>\n<h3><strong>50 tonnes par jour au lieu de 100<\/strong><\/h3>\n<p><span style=\"font-weight: 400\">C&rsquo;est ce dont dispose aujourd&rsquo;hui l&rsquo;agglom\u00e9ration \u00e0 l&rsquo;incin\u00e9rateur de Fort-de-France. Des <strong>maintenances techniques<\/strong> ont <strong>divis\u00e9 le quota par deux<\/strong>. Un four sera arr\u00eat\u00e9 en janvier pour une op\u00e9ration lourde.<\/span><\/p>\n<p><span style=\"font-weight: 400\">L&rsquo;autre exutoire, l&rsquo;enfouissement \u00e0 Petit-Galion, au Robert, ferme \u00e0 17 heures. Un camion parti de Sainte-Anne qui arrive \u00e0 16 h 30 repart plein. Il perd sa matin\u00e9e du lendemain \u00e0 se d\u00e9lester. La tourn\u00e9e prend du retard.<\/span><\/p>\n<h3><strong>5 camions sur 20<\/strong><\/h3>\n<p><span style=\"font-weight: 400\">Deuxi\u00e8me blocage : <strong>le mat\u00e9riel.<\/strong> Les voiries \u00e9troites du Sud exigent des v\u00e9hicules sp\u00e9cifiques, quasiment faits main, fragiles sous nos latitudes. Sur la c\u00f4te cara\u00efbe, <strong>5 seulement sur 20<\/strong>\u00a0sont arriv\u00e9s. Les derniers ne sont pas attend<\/span><span style=\"font-weight: 400\">us avant f\u00e9vrier ou mars 2027.<\/span><\/p>\n<p><span style=\"font-weight: 400\">Le contraste avec la c\u00f4te atlantique est parlant : d\u00e8s l&rsquo;arriv\u00e9e de quatre bennes neuves \u00e0 la mi-juin, le service s&rsquo;est am\u00e9<\/span><span style=\"font-family: -apple-system, BlinkMacSystemFont, &#039;Segoe UI&#039;, Roboto, Oxygen, Oxygen-Sans, Ubuntu, Cantarell, &#039;Helvetica Neue&#039;, &#039;Open Sans&#039;, Arial, sans-serif\">lior\u00e9.<\/span><\/p>\n<p><img decoding=\"async\" class=\"wp-image-9287 size-medium alignright\" style=\"font-family: -apple-system, BlinkMacSystemFont, &#039;Segoe UI&#039;, Roboto, Oxygen, Oxygen-Sans, Ubuntu, Cantarell, &#039;Helvetica Neue&#039;, &#039;Open Sans&#039;, Arial, sans-serif\" src=\"https:\/\/martinique2050.com\/wp-content\/uploads\/2026\/08\/WhatsApp-Image-2026-08-31-at-08.48.18-169x300.jpeg\" alt=\"WhatsApp Image 2026-08-31 at 08.48.18\" width=\"169\" height=\"300\" srcset=\"https:\/\/martinique2050.com\/wp-content\/uploads\/2026\/08\/WhatsApp-Image-2026-08-31-at-08.48.18-169x300.jpeg 169w, https:\/\/martinique2050.com\/wp-content\/uploads\/2026\/08\/WhatsApp-Image-2026-08-31-at-08.48.18-576x1024.jpeg 576w, https:\/\/martinique2050.com\/wp-content\/uploads\/2026\/08\/WhatsApp-Image-2026-08-31-at-08.48.18-768x1365.jpeg 768w, https:\/\/martinique2050.com\/wp-content\/uploads\/2026\/08\/WhatsApp-Image-2026-08-31-at-08.48.18-864x1536.jpeg 864w, https:\/\/martinique2050.com\/wp-content\/uploads\/2026\/08\/WhatsApp-Image-2026-08-31-at-08.48.18-7x12.jpeg 7w, https:\/\/martinique2050.com\/wp-content\/uploads\/2026\/08\/WhatsApp-Image-2026-08-31-at-08.48.18-scaled.jpeg 900w\" sizes=\"(max-width: 169px) 100vw, 169px\" \/><\/p>\n<p><span style=\"color: #ffffff\">\u00a0<\/span><\/p>\n<blockquote class=\"quote-solid\"><p><span style=\"font-weight: 400\">\u00ab Il n&rsquo;<\/span><span style=\"font-weight: 400\">y <\/span><span style=\"font-weight: 400\">a <\/span><span style=\"font-weight: 400\">pas de raison que le Sud soit p\u00e9nalis\u00e9 par rapport au Centre et au Nord. \u00bb\u00a0<\/span><\/p><\/blockquote>\n<p><em><b>Jean-Yves Bonnaire<\/b><span style=\"font-weight: 400\">, vice-pr\u00e9sident d\u00e9l\u00e9gu\u00e9 \u00e0 la gestion et \u00e0 la valorisation des d\u00e9chets<\/span><\/em><\/p>\n<h3><strong>106 tonnes d&#8217;emballages, + 15 %<\/strong><\/h3>\n<p><span style=\"font-weight: 400\">Troisi\u00e8me blocage, le tri. Mais c&rsquo;est l\u00e0 que les chiffres bougent. Sur la c\u00f4te atlantique, juillet affiche un peu plus de <strong>106 tonnes d&#8217;emballages<\/strong>, en <strong>hausse de plus de 15 %<\/strong> sur juin, avec des refus de collecte stables et bas. Les d\u00e9chets alimentaires approchent les 30 tonnes.<\/span><\/p>\n<p><span style=\"font-weight: 400\">Le bac jaune est devenu le bac principal : tous les emballages y vont, sans exception, depuis le 1er janvier 2026. Le bac gris, lui, n&rsquo;est ramass\u00e9 que tous les quinze jours.<\/span><\/p>\n<blockquote class=\"quote-solid\">\n<h3><span style=\"font-weight: 400\">\u00ab Nous n&rsquo;avons pas suffisamment expliqu\u00e9 ce qui \u00e9tait en jeu \u00bb<\/span><\/h3>\n<\/blockquote>\n<p><span style=\"font-weight: 400\">L&rsquo;aveu vient des \u00e9lus eux-m\u00eames. Entre la d\u00e9cision de changer de march\u00e9 et son application, la population n&rsquo;a pas \u00e9t\u00e9 pr\u00e9par\u00e9e. L&rsquo;Espace Sud a fonctionn\u00e9 trois ans sans directeur de la communication.<\/span><\/p>\n<p><span style=\"font-weight: 400\">Depuis avril : une r\u00e9union publique dans chacune des douze communes, deux heures d&rsquo;antenne sur une grande radio, un courrier aux 58 000 foyers du Sud. \u00c0 la rentr\u00e9e, cap sur les <strong>88 \u00e9coles du territoire<\/strong>.<\/span><\/p>\n<h3><\/h3>\n<h3 style=\"text-align: left\"><strong>Trier ses \u00e9pluchures, nourrir l&rsquo;\u00eele<\/strong><\/h3>\n<p><span style=\"font-weight: 400\">The <strong>bac marron<\/strong> part au <strong>centre de valorisation organique<\/strong> du Robert, qui produit un <strong>compost utilis\u00e9 par les mara\u00eechers martiniquais<\/strong>. Le verre, lui, est broy\u00e9 sur place et transform\u00e9 en b\u00e9ton de verre, test\u00e9 avec le laboratoire territorial, d\u00e9j\u00e0 employ\u00e9 pour les plateformes des bornes de tri.<\/span><\/p>\n<p><span style=\"font-weight: 400\">\u00ab Le d\u00e9chet ne doit plus \u00eatre un d\u00e9chet : \u00e7a devient une ressource. \u00bb\u00a0<\/span><\/p>\n<p><b>Marie-Jeanne Letord<\/b><span style=\"font-weight: 400\">, directrice g\u00e9n\u00e9rale adjointe en charge du cycle de l&rsquo;eau et des d\u00e9chets<\/span><\/p>\n<h3><\/h3>\n<h3 style=\"text-align: left\"><strong>30 millions d&rsquo;euros par an<\/strong><\/h3>\n<p><span style=\"font-weight: 400\">C&rsquo;est pr\u00e8s d&rsquo;<strong>un tiers du budget<\/strong> de l&rsquo;Espace Sud, qui s&rsquo;\u00e9l\u00e8ve \u00e0 91 millions. Sollicit\u00e9e par Martinique Transport, la collectivit\u00e9 a pr\u00e9venu que ses \u00e9ventuelles marges iraient d&rsquo;abord \u00e0 l&rsquo;environnement <img decoding=\"async\" class=\"size-medium wp-image-9283 alignleft\" src=\"https:\/\/martinique2050.com\/wp-content\/uploads\/2026\/08\/WhatsApp-Image-2026-08-31-at-08.48.18-4-169x300.jpeg\" alt=\"WhatsApp Image 2026-08-31 at 08.48.18 (4)\" width=\"169\" height=\"300\" srcset=\"https:\/\/martinique2050.com\/wp-content\/uploads\/2026\/08\/WhatsApp-Image-2026-08-31-at-08.48.18-4-169x300.jpeg 169w, https:\/\/martinique2050.com\/wp-content\/uploads\/2026\/08\/WhatsApp-Image-2026-08-31-at-08.48.18-4-576x1024.jpeg 576w, https:\/\/martinique2050.com\/wp-content\/uploads\/2026\/08\/WhatsApp-Image-2026-08-31-at-08.48.18-4-768x1365.jpeg 768w, https:\/\/martinique2050.com\/wp-content\/uploads\/2026\/08\/WhatsApp-Image-2026-08-31-at-08.48.18-4-864x1536.jpeg 864w, https:\/\/martinique2050.com\/wp-content\/uploads\/2026\/08\/WhatsApp-Image-2026-08-31-at-08.48.18-4-7x12.jpeg 7w, https:\/\/martinique2050.com\/wp-content\/uploads\/2026\/08\/WhatsApp-Image-2026-08-31-at-08.48.18-4-scaled.jpeg 900w\" sizes=\"(max-width: 169px) 100vw, 169px\" \/><span style=\"font-family: -apple-system, BlinkMacSystemFont, &#039;Segoe UI&#039;, Roboto, Oxygen, Oxygen-Sans, Ubuntu, Cantarell, &#039;Helvetica Neue&#039;, &#039;Open Sans&#039;, Arial, sans-serif\">. Pas question, en revanche, de toucher \u00e0 la taxe d&rsquo;enl\u00e8vement des ordures m\u00e9nag\u00e8res.<\/span><\/span><\/p>\n<blockquote class=\"quote-solid\"><p><span style=\"font-weight: 400\">\u00ab Il n&rsquo;est pas question que le contribuable du Sud soit impact\u00e9. \u00bb\u00a0<\/span><\/p><\/blockquote>\n<p><b>Fred-Michel Tirault<\/b><span style=\"font-weight: 400\">, pr\u00e9sident de l&rsquo;Espace Sud<\/span><\/p>\n<p><span style=\"font-weight: 400\">L&rsquo;Espace Sud joue sa cr\u00e9dibilit\u00e9 sur les prochains mois. La courbe encourageante de la c\u00f4te atlantique montre qu&rsquo;un nouveau march\u00e9 peut fonctionner une fois le mat\u00e9riel livr\u00e9 et les habitudes install\u00e9es, mais la c\u00f4te cara\u00efbe attendra le d\u00e9but de 2027 pour disposer de tous ses camions, et la maintenance de l&rsquo;incin\u00e9rateur en janvier resserrera encore l&rsquo;\u00e9tau sur les exutoires. Entre un tri qui progresse et une col\u00e8re citoyenne qui s&rsquo;organise, la gestion des d\u00e9chets s&rsquo;impose comme le premier test politique du mandat de Fred-Michel Tirault.<\/span><\/p>\n<p>&nbsp;<\/p>","protected":false},"excerpt":{"rendered":"<p>Cinq mois apr\u00e8s le changement de collecte, les bacs d\u00e9bordent encore dans le Sud. Le 27 ao\u00fbt \u00e0 Rivi\u00e8re-Sal\u00e9e, l&rsquo;Espace Sud a reconnu un d\u00e9ficit de communication et d\u00e9taill\u00e9 les causes des retards : camions manquants, exutoires satur\u00e9s, tri encore approximatif.\u00a0 Objectif affich\u00e9 : une situation normalis\u00e9e d&rsquo;ici quelques mois, sans hausse de la taxe. &hellip;<\/p>","protected":false},"author":8,"featured_media":0,"comment_status":"closed","ping_status":"open","sticky":false,"template":"","format":"standard","meta":{"_acf_changed":false,"_yoast_wpseo_meta-robots-noindex":"","_yoast_wpseo_canonical":"","_yoast_wpseo_opengraph-title":"","_yoast_wpseo_opengraph-description":"","_yoast_wpseo_twitter-title":"","_yoast_wpseo_twitter-description":"","footnotes":""},"categories":[1187],"tags":[1282,1468,1462,1536,1373,1310,1641,1244],"class_list":["post-9281","post","type-post","status-publish","format-standard","hentry","category-actualites","tag-caraibe","tag-dechets","tag-developpement-durable","tag-economie-circulaire","tag-environnement","tag-espace-sud","tag-gestion-des-dechets","tag-martinique"],"acf":[],"yoast_head":"<!-- This site is optimized with the Yoast SEO plugin v28.3 - https:\/\/yoast.com\/product\/yoast-seo-wordpress\/ -->\n<title>Collecte des d\u00e9chets dans le Sud : l&#039;Espace Sud promet un retour \u00e0 la normale - martinique2050<\/title>\n<meta name=\"description\" content=\"Cinq mois apr\u00e8s le changement de collecte, les bacs d\u00e9bordent encore dans le Sud. Le 27 ao\u00fbt \u00e0 Rivi\u00e8re-Sal\u00e9e, l&#039;Espace Sud a reconnu un d\u00e9ficit de\" \/>\n<meta name=\"robots\" content=\"index, follow, max-snippet:-1, max-image-preview:large, max-video-preview:-1\" \/>\n<link rel=\"canonical\" href=\"https:\/\/martinique2050.com\/en\/collecte-des-dechets-dans-le-sud-lespace-sud-promet-un-retour-a-la-normale\/\" \/>\n<meta property=\"og:locale\" content=\"en_US\" \/>\n<meta property=\"og:type\" content=\"article\" \/>\n<meta property=\"og:title\" content=\"Collecte des d\u00e9chets dans le Sud : l&#039;Espace Sud promet un retour \u00e0 la normale - martinique2050\" \/>\n<meta property=\"og:description\" content=\"Cinq mois apr\u00e8s le changement de collecte, les bacs d\u00e9bordent encore dans le Sud. Le 27 ao\u00fbt \u00e0 Rivi\u00e8re-Sal\u00e9e, l&#039;Espace Sud a reconnu un d\u00e9ficit de\" \/>\n<meta property=\"og:url\" content=\"https:\/\/martinique2050.com\/en\/collecte-des-dechets-dans-le-sud-lespace-sud-promet-un-retour-a-la-normale\/\" \/>\n<meta property=\"og:site_name\" content=\"martinique2050\" \/>\n<meta property=\"article:published_time\" content=\"2026-08-31T13:18:34+00:00\" \/>\n<meta property=\"og:image\" content=\"https:\/\/martinique2050.com\/wp-content\/uploads\/2026\/08\/WhatsApp-Image-2026-08-31-at-08.49.05-scaled.jpeg\" \/>\n\t<meta property=\"og:image:width\" content=\"1600\" \/>\n\t<meta property=\"og:image:height\" content=\"900\" \/>\n\t<meta property=\"og:image:type\" content=\"image\/jpeg\" \/>\n<meta name=\"author\" content=\"M\u00e9lissa Vergnaud\" \/>\n<meta name=\"twitter:card\" content=\"summary_large_image\" \/>\n<meta name=\"twitter:label1\" content=\"Written by\" \/>\n\t<meta name=\"twitter:data1\" content=\"M\u00e9lissa Vergnaud\" \/>\n\t<meta name=\"twitter:label2\" content=\"Est. reading time\" \/>\n\t<meta name=\"twitter:data2\" content=\"5 minutes\" \/>\n<script type=\"application\/ld+json\" class=\"yoast-schema-graph\">{\"@context\":\"https:\\\/\\\/schema.org\",\"@graph\":[{\"@type\":\"NewsArticle\",\"@id\":\"https:\\\/\\\/martinique2050.com\\\/collecte-des-dechets-dans-le-sud-lespace-sud-promet-un-retour-a-la-normale\\\/#article\",\"isPartOf\":{\"@id\":\"https:\\\/\\\/martinique2050.com\\\/collecte-des-dechets-dans-le-sud-lespace-sud-promet-un-retour-a-la-normale\\\/\"},\"author\":{\"name\":\"M\u00e9lissa Vergnaud\",\"@id\":\"https:\\\/\\\/martinique2050.com\\\/#\\\/schema\\\/person\\\/23865916c68d68d3976773d98d382e0e\"},\"headline\":\"Collecte des d\u00e9chets dans le Sud : l&rsquo;Espace Sud promet un retour \u00e0 la normale\",\"datePublished\":\"2026-08-31T13:18:34+00:00\",\"mainEntityOfPage\":{\"@id\":\"https:\\\/\\\/martinique2050.com\\\/collecte-des-dechets-dans-le-sud-lespace-sud-promet-un-retour-a-la-normale\\\/\"},\"wordCount\":824,\"image\":{\"@id\":\"https:\\\/\\\/martinique2050.com\\\/collecte-des-dechets-dans-le-sud-lespace-sud-promet-un-retour-a-la-normale\\\/#primaryimage\"},\"thumbnailUrl\":\"https:\\\/\\\/martinique2050.com\\\/wp-content\\\/uploads\\\/2026\\\/08\\\/WhatsApp-Image-2026-08-31-at-08.49.05-1024x576.jpeg\",\"keywords\":[\"caraibe\",\"d\u00e9chets\",\"developpement durable\",\"Economie circulaire\",\"Environnement\",\"espace sud\",\"Gestion des d\u00e9chets\",\"martinique\"],\"articleSection\":[\"Actualit\u00e9s\"],\"inLanguage\":\"en-US\"},{\"@type\":\"WebPage\",\"@id\":\"https:\\\/\\\/martinique2050.com\\\/collecte-des-dechets-dans-le-sud-lespace-sud-promet-un-retour-a-la-normale\\\/\",\"url\":\"https:\\\/\\\/martinique2050.com\\\/collecte-des-dechets-dans-le-sud-lespace-sud-promet-un-retour-a-la-normale\\\/\",\"name\":\"Collecte des d\u00e9chets dans le Sud : l'Espace Sud promet un retour \u00e0 la normale - martinique2050\",\"isPartOf\":{\"@id\":\"https:\\\/\\\/martinique2050.com\\\/#website\"},\"primaryImageOfPage\":{\"@id\":\"https:\\\/\\\/martinique2050.com\\\/collecte-des-dechets-dans-le-sud-lespace-sud-promet-un-retour-a-la-normale\\\/#primaryimage\"},\"image\":{\"@id\":\"https:\\\/\\\/martinique2050.com\\\/collecte-des-dechets-dans-le-sud-lespace-sud-promet-un-retour-a-la-normale\\\/#primaryimage\"},\"thumbnailUrl\":\"https:\\\/\\\/martinique2050.com\\\/wp-content\\\/uploads\\\/2026\\\/08\\\/WhatsApp-Image-2026-08-31-at-08.49.05-1024x576.jpeg\",\"datePublished\":\"2026-08-31T13:18:34+00:00\",\"author\":{\"@id\":\"https:\\\/\\\/martinique2050.com\\\/#\\\/schema\\\/person\\\/23865916c68d68d3976773d98d382e0e\"},\"description\":\"Cinq mois apr\u00e8s le changement de collecte, les bacs d\u00e9bordent encore dans le Sud. Le 27 ao\u00fbt \u00e0 Rivi\u00e8re-Sal\u00e9e, l'Espace Sud a reconnu un d\u00e9ficit de\",\"breadcrumb\":{\"@id\":\"https:\\\/\\\/martinique2050.com\\\/collecte-des-dechets-dans-le-sud-lespace-sud-promet-un-retour-a-la-normale\\\/#breadcrumb\"},\"inLanguage\":\"en-US\",\"potentialAction\":[{\"@type\":\"ReadAction\",\"target\":[\"https:\\\/\\\/martinique2050.com\\\/collecte-des-dechets-dans-le-sud-lespace-sud-promet-un-retour-a-la-normale\\\/\"]}]},{\"@type\":\"ImageObject\",\"inLanguage\":\"en-US\",\"@id\":\"https:\\\/\\\/martinique2050.com\\\/collecte-des-dechets-dans-le-sud-lespace-sud-promet-un-retour-a-la-normale\\\/#primaryimage\",\"url\":\"https:\\\/\\\/martinique2050.com\\\/wp-content\\\/uploads\\\/2026\\\/08\\\/WhatsApp-Image-2026-08-31-at-08.49.05-1024x576.jpeg\",\"contentUrl\":\"https:\\\/\\\/martinique2050.com\\\/wp-content\\\/uploads\\\/2026\\\/08\\\/WhatsApp-Image-2026-08-31-at-08.49.05-1024x576.jpeg\"},{\"@type\":\"BreadcrumbList\",\"@id\":\"https:\\\/\\\/martinique2050.com\\\/collecte-des-dechets-dans-le-sud-lespace-sud-promet-un-retour-a-la-normale\\\/#breadcrumb\",\"itemListElement\":[{\"@type\":\"ListItem\",\"position\":1,\"name\":\"Home\",\"item\":\"https:\\\/\\\/martinique2050.com\\\/\"},{\"@type\":\"ListItem\",\"position\":2,\"name\":\"Collecte des d\u00e9chets dans le Sud : l&rsquo;Espace Sud promet un retour \u00e0 la normale\"}]},{\"@type\":\"WebSite\",\"@id\":\"https:\\\/\\\/martinique2050.com\\\/#website\",\"url\":\"https:\\\/\\\/martinique2050.com\\\/\",\"name\":\"martinique2050\",\"description\":\"Actualit\u00e9 du d\u00e9veloppement durable et de l&#039;\u00e9conomie circulaire en Martinique\",\"potentialAction\":[{\"@type\":\"SearchAction\",\"target\":{\"@type\":\"EntryPoint\",\"urlTemplate\":\"https:\\\/\\\/martinique2050.com\\\/?s={search_term_string}\"},\"query-input\":{\"@type\":\"PropertyValueSpecification\",\"valueRequired\":true,\"valueName\":\"search_term_string\"}}],\"inLanguage\":\"en-US\"},{\"@type\":\"Person\",\"@id\":\"https:\\\/\\\/martinique2050.com\\\/#\\\/schema\\\/person\\\/23865916c68d68d3976773d98d382e0e\",\"name\":\"M\u00e9lissa Vergnaud\",\"image\":{\"@type\":\"ImageObject\",\"inLanguage\":\"en-US\",\"@id\":\"https:\\\/\\\/secure.gravatar.com\\\/avatar\\\/eb6b97eef004d4c3ee299cf7265ff444cc09f9fb5909953c4218f780f9b4f9fc?s=96&d=mm&r=g\",\"url\":\"https:\\\/\\\/secure.gravatar.com\\\/avatar\\\/eb6b97eef004d4c3ee299cf7265ff444cc09f9fb5909953c4218f780f9b4f9fc?s=96&d=mm&r=g\",\"contentUrl\":\"https:\\\/\\\/secure.gravatar.com\\\/avatar\\\/eb6b97eef004d4c3ee299cf7265ff444cc09f9fb5909953c4218f780f9b4f9fc?s=96&d=mm&r=g\",\"caption\":\"M\u00e9lissa Vergnaud\"},\"url\":\"https:\\\/\\\/martinique2050.com\\\/en\\\/author\\\/melissa3ed-fr\\\/\"}]}<\/script>\n<!-- \/ Yoast SEO plugin. -->","yoast_head_json":{"title":"Collecte des d\u00e9chets dans le Sud : l'Espace Sud promet un retour \u00e0 la normale - martinique2050","description":"Cinq mois apr\u00e8s le changement de collecte, les bacs d\u00e9bordent encore dans le Sud. Le 27 ao\u00fbt \u00e0 Rivi\u00e8re-Sal\u00e9e, l'Espace Sud a reconnu un d\u00e9ficit de","robots":{"index":"index","follow":"follow","max-snippet":"max-snippet:-1","max-image-preview":"max-image-preview:large","max-video-preview":"max-video-preview:-1"},"canonical":"https:\/\/martinique2050.com\/en\/collecte-des-dechets-dans-le-sud-lespace-sud-promet-un-retour-a-la-normale\/","og_locale":"en_US","og_type":"article","og_title":"Collecte des d\u00e9chets dans le Sud : l'Espace Sud promet un retour \u00e0 la normale - martinique2050","og_description":"Cinq mois apr\u00e8s le changement de collecte, les bacs d\u00e9bordent encore dans le Sud. Le 27 ao\u00fbt \u00e0 Rivi\u00e8re-Sal\u00e9e, l'Espace Sud a reconnu un d\u00e9ficit de","og_url":"https:\/\/martinique2050.com\/en\/collecte-des-dechets-dans-le-sud-lespace-sud-promet-un-retour-a-la-normale\/","og_site_name":"martinique2050","article_published_time":"2026-08-31T13:18:34+00:00","og_image":[{"width":1600,"height":900,"url":"https:\/\/martinique2050.com\/wp-content\/uploads\/2026\/08\/WhatsApp-Image-2026-08-31-at-08.49.05-scaled.jpeg","type":"image\/jpeg"}],"author":"M\u00e9lissa Vergnaud","twitter_card":"summary_large_image","twitter_misc":{"Written by":"M\u00e9lissa Vergnaud","Est. reading time":"5 minutes"},"schema":{"@context":"https:\/\/schema.org","@graph":[{"@type":"NewsArticle","@id":"https:\/\/martinique2050.com\/collecte-des-dechets-dans-le-sud-lespace-sud-promet-un-retour-a-la-normale\/#article","isPartOf":{"@id":"https:\/\/martinique2050.com\/collecte-des-dechets-dans-le-sud-lespace-sud-promet-un-retour-a-la-normale\/"},"author":{"name":"M\u00e9lissa Vergnaud","@id":"https:\/\/martinique2050.com\/#\/schema\/person\/23865916c68d68d3976773d98d382e0e"},"headline":"Collecte des d\u00e9chets dans le Sud : l&rsquo;Espace Sud promet un retour \u00e0 la normale","datePublished":"2026-08-31T13:18:34+00:00","mainEntityOfPage":{"@id":"https:\/\/martinique2050.com\/collecte-des-dechets-dans-le-sud-lespace-sud-promet-un-retour-a-la-normale\/"},"wordCount":824,"image":{"@id":"https:\/\/martinique2050.com\/collecte-des-dechets-dans-le-sud-lespace-sud-promet-un-retour-a-la-normale\/#primaryimage"},"thumbnailUrl":"https:\/\/martinique2050.com\/wp-content\/uploads\/2026\/08\/WhatsApp-Image-2026-08-31-at-08.49.05-1024x576.jpeg","keywords":["caraibe","d\u00e9chets","developpement durable","Economie circulaire","Environnement","espace sud","Gestion des d\u00e9chets","martinique"],"articleSection":["Actualit\u00e9s"],"inLanguage":"en-US"},{"@type":"WebPage","@id":"https:\/\/martinique2050.com\/collecte-des-dechets-dans-le-sud-lespace-sud-promet-un-retour-a-la-normale\/","url":"https:\/\/martinique2050.com\/collecte-des-dechets-dans-le-sud-lespace-sud-promet-un-retour-a-la-normale\/","name":"Collecte des d\u00e9chets dans le Sud : l'Espace Sud promet un retour \u00e0 la normale - martinique2050","isPartOf":{"@id":"https:\/\/martinique2050.com\/#website"},"primaryImageOfPage":{"@id":"https:\/\/martinique2050.com\/collecte-des-dechets-dans-le-sud-lespace-sud-promet-un-retour-a-la-normale\/#primaryimage"},"image":{"@id":"https:\/\/martinique2050.com\/collecte-des-dechets-dans-le-sud-lespace-sud-promet-un-retour-a-la-normale\/#primaryimage"},"thumbnailUrl":"https:\/\/martinique2050.com\/wp-content\/uploads\/2026\/08\/WhatsApp-Image-2026-08-31-at-08.49.05-1024x576.jpeg","datePublished":"2026-08-31T13:18:34+00:00","author":{"@id":"https:\/\/martinique2050.com\/#\/schema\/person\/23865916c68d68d3976773d98d382e0e"},"description":"Cinq mois apr\u00e8s le changement de collecte, les bacs d\u00e9bordent encore dans le Sud. Le 27 ao\u00fbt \u00e0 Rivi\u00e8re-Sal\u00e9e, l'Espace Sud a reconnu un d\u00e9ficit de","breadcrumb":{"@id":"https:\/\/martinique2050.com\/collecte-des-dechets-dans-le-sud-lespace-sud-promet-un-retour-a-la-normale\/#breadcrumb"},"inLanguage":"en-US","potentialAction":[{"@type":"ReadAction","target":["https:\/\/martinique2050.com\/collecte-des-dechets-dans-le-sud-lespace-sud-promet-un-retour-a-la-normale\/"]}]},{"@type":"ImageObject","inLanguage":"en-US","@id":"https:\/\/martinique2050.com\/collecte-des-dechets-dans-le-sud-lespace-sud-promet-un-retour-a-la-normale\/#primaryimage","url":"https:\/\/martinique2050.com\/wp-content\/uploads\/2026\/08\/WhatsApp-Image-2026-08-31-at-08.49.05-1024x576.jpeg","contentUrl":"https:\/\/martinique2050.com\/wp-content\/uploads\/2026\/08\/WhatsApp-Image-2026-08-31-at-08.49.05-1024x576.jpeg"},{"@type":"BreadcrumbList","@id":"https:\/\/martinique2050.com\/collecte-des-dechets-dans-le-sud-lespace-sud-promet-un-retour-a-la-normale\/#breadcrumb","itemListElement":[{"@type":"ListItem","position":1,"name":"Home","item":"https:\/\/martinique2050.com\/"},{"@type":"ListItem","position":2,"name":"Collecte des d\u00e9chets dans le Sud : l&rsquo;Espace Sud promet un retour \u00e0 la normale"}]},{"@type":"WebSite","@id":"https:\/\/martinique2050.com\/#website","url":"https:\/\/martinique2050.com\/","name":"martinique2050","description":"Latest News on Sustainable Development and the Circular Economy in Martinique","potentialAction":[{"@type":"SearchAction","target":{"@type":"EntryPoint","urlTemplate":"https:\/\/martinique2050.com\/?s={search_term_string}"},"query-input":{"@type":"PropertyValueSpecification","valueRequired":true,"valueName":"search_term_string"}}],"inLanguage":"en-US"},{"@type":"Person","@id":"https:\/\/martinique2050.com\/#\/schema\/person\/23865916c68d68d3976773d98d382e0e","name":"M\u00e9lissa Vergnaud","image":{"@type":"ImageObject","inLanguage":"en-US","@id":"https:\/\/secure.gravatar.com\/avatar\/eb6b97eef004d4c3ee299cf7265ff444cc09f9fb5909953c4218f780f9b4f9fc?s=96&d=mm&r=g","url":"https:\/\/secure.gravatar.com\/avatar\/eb6b97eef004d4c3ee299cf7265ff444cc09f9fb5909953c4218f780f9b4f9fc?s=96&d=mm&r=g","contentUrl":"https:\/\/secure.gravatar.com\/avatar\/eb6b97eef004d4c3ee299cf7265ff444cc09f9fb5909953c4218f780f9b4f9fc?s=96&d=mm&r=g","caption":"M\u00e9lissa Vergnaud"},"url":"https:\/\/martinique2050.com\/en\/author\/melissa3ed-fr\/"}]}},"_links":{"self":[{"href":"https:\/\/martinique2050.com\/en\/wp-json\/wp\/v2\/posts\/9281","targetHints":{"allow":["GET"]}}],"collection":[{"href":"https:\/\/martinique2050.com\/en\/wp-json\/wp\/v2\/posts"}],"about":[{"href":"https:\/\/martinique2050.com\/en\/wp-json\/wp\/v2\/types\/post"}],"author":[{"embeddable":true,"href":"https:\/\/martinique2050.com\/en\/wp-json\/wp\/v2\/users\/8"}],"replies":[{"embeddable":true,"href":"https:\/\/martinique2050.com\/en\/wp-json\/wp\/v2\/comments?post=9281"}],"version-history":[{"count":6,"href":"https:\/\/martinique2050.com\/en\/wp-json\/wp\/v2\/posts\/9281\/revisions"}],"predecessor-version":[{"id":9294,"href":"https:\/\/martinique2050.com\/en\/wp-json\/wp\/v2\/posts\/9281\/revisions\/9294"}],"wp:attachment":[{"href":"https:\/\/martinique2050.com\/en\/wp-json\/wp\/v2\/media?parent=9281"}],"wp:term":[{"taxonomy":"category","embeddable":true,"href":"https:\/\/martinique2050.com\/en\/wp-json\/wp\/v2\/categories?post=9281"},{"taxonomy":"post_tag","embeddable":true,"href":"https:\/\/martinique2050.com\/en\/wp-json\/wp\/v2\/tags?post=9281"}],"curies":[{"name":"wp","href":"https:\/\/api.w.org\/{rel}","templated":true}]}}