{"id":9301,"date":"2026-09-03T15:44:29","date_gmt":"2026-09-03T19:44:29","guid":{"rendered":"https:\/\/martinique2050.com\/?p=9301"},"modified":"2026-09-04T10:46:07","modified_gmt":"2026-09-04T14:46:07","slug":"sargasses-le-college-robert-iii-a-fait-sa-rentree","status":"publish","type":"post","link":"https:\/\/martinique2050.com\/en\/sargasses-le-college-robert-iii-a-fait-sa-rentree\/","title":{"rendered":"Sargasses : le coll\u00e8ge Robert III a fait sa rentr\u00e9e"},"content":{"rendered":"<h3><img fetchpriority=\"high\" decoding=\"async\" style=\"font-family: -apple-system, BlinkMacSystemFont, &#039;Segoe UI&#039;, Roboto, Oxygen, Oxygen-Sans, Ubuntu, Cantarell, &#039;Helvetica Neue&#039;, &#039;Open Sans&#039;, Arial, sans-serif;font-size: 16px;font-weight: 400\" src=\"https:\/\/martinique2050.com\/wp-content\/uploads\/2026\/09\/Capture-decran-2026-06-02-140644.png\" width=\"712\" height=\"476\" \/><\/h3>\n<h3>Cinq mois plus tard, c\u2019est chose faite. Les 350 coll\u00e9giens de l\u2019\u00e9tablissement de Pontal\u00e9ry au Robert retrouvent leur site ce mardi pour la rentr\u00e9e 2026-2027. La baisse des concentrations de gaz sulfureux mesur\u00e9e par l\u2019ARS et le GIP sargasses, conjugu\u00e9e aux actions de ramassage et de collecte men\u00e9es autour du coll\u00e8ge, a rendu possible ce retour. La vigilance reste cependant de mise.<\/h3>\n<p>Les sargasses rythment la vie des riverains, des touristes et des coll\u00e9giens de Robert III. En effet, l\u2019\u00e9tablissement scolaire avait ferm\u00e9 \u00e0 cause des \u00e9manations des sargasses importunant les \u00e9l\u00e8ves et les \u00e9quipes p\u00e9dagogiques.\u00a0 Aujourd\u2019hui, le b\u00e2timent situ\u00e9 \u00e0 Pontal\u00e9ry au Robert est en mesure d\u2019accueillir du public. La Ville a d\u00e9ploy\u00e9 ses moyens techniques afin d\u2019assurer l\u2019ouverture du coll\u00e8ge. \u00ab\u00a0Les services ont assur\u00e9 l\u2019enl\u00e8vement r\u00e9gulier des sargasses et engag\u00e9 des actions destin\u00e9es \u00e0 pr\u00e9venir ou \u00e0 limiter leur \u00e9chouage, contribuant ainsi \u00e0 l\u2019am\u00e9lioration de la situation aux abords du coll\u00e8ge\u00a0\u00bb, explique la CTM.<\/p>\n<p>Les 350 \u00e9l\u00e8ves feront leur rentr\u00e9e ce mardi au coll\u00e8ge de Robert III. \u00ab\u00a0Cette rentr\u00e9e sur site est rendue possible par l\u2019\u00e9volution favorable des mesures li\u00e9es aux \u00e9manations de sargasses et par les actions coordonn\u00e9es men\u00e9es depuis plusieurs mois autour du coll\u00e8ge\u00a0\u00bb, pr\u00e9cise la CTM. L\u2019ARS et le GIP sargasses ont not\u00e9 des baisses des concentrations de gaz \u00e9manant des sargasses en d\u00e9composition. \u00ab\u00a0Le dispositif de surveillance restera n\u00e9anmoins pleinement mobilis\u00e9 afin de suivre l\u2019\u00e9volution de la situation et d\u2019adapter, si n\u00e9cessaire, les conditions d\u2019accueil au sein de l\u2019\u00e9tablissement\u00a0\u00bb, souligne la CTM.<\/p>\n<h4>Apr\u00e8s cinq mois, retour \u00e0 Robert III<\/h4>\n<p>\u00c0 la rentr\u00e9e des vacances de P\u00e2ques 2026, les coll\u00e9giens avaient \u00e9t\u00e9 d\u00e9localis\u00e9s et accueillis au coll\u00e8ge Paul-Symphor au bourg du Robert, \u00e9tablissement moins expos\u00e9 aux sargasses. La CTM avait d\u2019ailleurs insist\u00e9, cette fusion des deux coll\u00e8ges robertins n\u2019\u00e9tait que provisoire. \u00ab Il ne s\u2019agit pas de vider Robert III et ne jamais revenir. Il s\u2019agit de tout faire pour revenir. Nous avons des actions de ramassage en mer, des stockages de sargasses avec des barrages \u00bb, avait alors assur\u00e9 Serge Letchimy, pr\u00e9sident du conseil ex\u00e9cutif de la CTM. C\u2019est chose faite. Cinq mois plus tard, la solution provisoire du d\u00e9m\u00e9nagement de Robert III n\u2019est plus.<\/p>\n<p>Toutefois, la CTM reste prudente sur l\u2019\u00e9volution de la situation. \u00ab Au-del\u00e0 de la rentr\u00e9e, les mesures, les \u00e9changes et les actions de pr\u00e9vention se poursuivront. L\u2019ensemble des partenaires demeure mobilis\u00e9 autour d\u2019une priorit\u00e9 commune : garantir durablement aux \u00e9l\u00e8ves et aux personnels les meilleures conditions d\u2019accueil, d\u2019enseignement et de travail. \u00bb<\/p>\n<p><em>Laurianne Nomel<\/em><\/p>","protected":false},"excerpt":{"rendered":"<p>Cinq mois plus tard, c\u2019est chose faite. Les 350 coll\u00e9giens de l\u2019\u00e9tablissement de Pontal\u00e9ry au Robert retrouvent leur site ce mardi pour la rentr\u00e9e 2026-2027. La baisse des concentrations de gaz sulfureux mesur\u00e9e par l\u2019ARS et le GIP sargasses, conjugu\u00e9e aux actions de ramassage et de collecte men\u00e9es autour du coll\u00e8ge, a rendu possible ce &hellip;<\/p>","protected":false},"author":8,"featured_media":9302,"comment_status":"closed","ping_status":"open","sticky":false,"template":"","format":"standard","meta":{"_acf_changed":false,"_yoast_wpseo_meta-robots-noindex":"","_yoast_wpseo_canonical":"","_yoast_wpseo_opengraph-title":"","_yoast_wpseo_opengraph-description":"","_yoast_wpseo_twitter-title":"","_yoast_wpseo_twitter-description":"","footnotes":""},"categories":[2344,1550],"tags":[],"class_list":["post-9301","post","type-post","status-publish","format-standard","has-post-thumbnail","hentry","category-caraibe","category-education-env-dev-durable"],"acf":[],"yoast_head":"<!-- This site is optimized with the Yoast SEO plugin v28.4 - https:\/\/yoast.com\/product\/yoast-seo-wordpress\/ -->\n<title>Sargasses : le coll\u00e8ge Robert III a fait sa rentr\u00e9e - martinique2050<\/title>\n<meta name=\"description\" content=\"Cinq mois plus tard, c\u2019est chose faite. Les 350 coll\u00e9giens de l\u2019\u00e9tablissement de Pontal\u00e9ry au Robert retrouvent leur site ce mardi pour la rentr\u00e9e\" \/>\n<meta name=\"robots\" content=\"index, follow, max-snippet:-1, max-image-preview:large, max-video-preview:-1\" \/>\n<link rel=\"canonical\" href=\"https:\/\/martinique2050.com\/en\/sargasses-le-college-robert-iii-a-fait-sa-rentree\/\" \/>\n<meta property=\"og:locale\" content=\"en_US\" \/>\n<meta property=\"og:type\" content=\"article\" \/>\n<meta property=\"og:title\" content=\"Sargasses : le coll\u00e8ge Robert III a fait sa rentr\u00e9e - martinique2050\" \/>\n<meta property=\"og:description\" content=\"Cinq mois plus tard, c\u2019est chose faite. Les 350 coll\u00e9giens de l\u2019\u00e9tablissement de Pontal\u00e9ry au Robert retrouvent leur site ce mardi pour la rentr\u00e9e\" \/>\n<meta property=\"og:url\" content=\"https:\/\/martinique2050.com\/en\/sargasses-le-college-robert-iii-a-fait-sa-rentree\/\" \/>\n<meta property=\"og:site_name\" content=\"martinique2050\" \/>\n<meta property=\"article:published_time\" content=\"2026-09-03T19:44:29+00:00\" \/>\n<meta property=\"article:modified_time\" content=\"2026-09-04T14:46:07+00:00\" \/>\n<meta property=\"og:image\" content=\"https:\/\/martinique2050.com\/wp-content\/uploads\/2026\/09\/Capture-decran-2026-06-02-140644.png\" \/>\n\t<meta property=\"og:image:width\" content=\"800\" \/>\n\t<meta property=\"og:image:height\" content=\"535\" \/>\n\t<meta property=\"og:image:type\" content=\"image\/png\" \/>\n<meta name=\"author\" content=\"M\u00e9lissa Vergnaud\" \/>\n<meta name=\"twitter:card\" content=\"summary_large_image\" \/>\n<meta name=\"twitter:label1\" content=\"Written by\" \/>\n\t<meta name=\"twitter:data1\" content=\"M\u00e9lissa Vergnaud\" \/>\n\t<meta name=\"twitter:label2\" content=\"Est. reading time\" \/>\n\t<meta name=\"twitter:data2\" content=\"3 minutes\" \/>\n<script type=\"application\/ld+json\" class=\"yoast-schema-graph\">{\"@context\":\"https:\\\/\\\/schema.org\",\"@graph\":[{\"@type\":\"NewsArticle\",\"@id\":\"https:\\\/\\\/martinique2050.com\\\/sargasses-le-college-robert-iii-a-fait-sa-rentree\\\/#article\",\"isPartOf\":{\"@id\":\"https:\\\/\\\/martinique2050.com\\\/sargasses-le-college-robert-iii-a-fait-sa-rentree\\\/\"},\"author\":{\"name\":\"M\u00e9lissa Vergnaud\",\"@id\":\"https:\\\/\\\/martinique2050.com\\\/#\\\/schema\\\/person\\\/23865916c68d68d3976773d98d382e0e\"},\"headline\":\"Sargasses : le coll\u00e8ge Robert III a fait sa rentr\u00e9e\",\"datePublished\":\"2026-09-03T19:44:29+00:00\",\"dateModified\":\"2026-09-04T14:46:07+00:00\",\"mainEntityOfPage\":{\"@id\":\"https:\\\/\\\/martinique2050.com\\\/sargasses-le-college-robert-iii-a-fait-sa-rentree\\\/\"},\"wordCount\":485,\"image\":{\"@id\":\"https:\\\/\\\/martinique2050.com\\\/sargasses-le-college-robert-iii-a-fait-sa-rentree\\\/#primaryimage\"},\"thumbnailUrl\":\"https:\\\/\\\/martinique2050.com\\\/wp-content\\\/uploads\\\/2026\\\/09\\\/Capture-decran-2026-06-02-140644.png\",\"articleSection\":[\"Cara\u00efbe\",\"Education Env. &amp; D\u00e9v. Durable\"],\"inLanguage\":\"en-US\"},{\"@type\":\"WebPage\",\"@id\":\"https:\\\/\\\/martinique2050.com\\\/sargasses-le-college-robert-iii-a-fait-sa-rentree\\\/\",\"url\":\"https:\\\/\\\/martinique2050.com\\\/sargasses-le-college-robert-iii-a-fait-sa-rentree\\\/\",\"name\":\"Sargasses : le coll\u00e8ge Robert III a fait sa rentr\u00e9e - martinique2050\",\"isPartOf\":{\"@id\":\"https:\\\/\\\/martinique2050.com\\\/#website\"},\"primaryImageOfPage\":{\"@id\":\"https:\\\/\\\/martinique2050.com\\\/sargasses-le-college-robert-iii-a-fait-sa-rentree\\\/#primaryimage\"},\"image\":{\"@id\":\"https:\\\/\\\/martinique2050.com\\\/sargasses-le-college-robert-iii-a-fait-sa-rentree\\\/#primaryimage\"},\"thumbnailUrl\":\"https:\\\/\\\/martinique2050.com\\\/wp-content\\\/uploads\\\/2026\\\/09\\\/Capture-decran-2026-06-02-140644.png\",\"datePublished\":\"2026-09-03T19:44:29+00:00\",\"dateModified\":\"2026-09-04T14:46:07+00:00\",\"author\":{\"@id\":\"https:\\\/\\\/martinique2050.com\\\/#\\\/schema\\\/person\\\/23865916c68d68d3976773d98d382e0e\"},\"description\":\"Cinq mois plus tard, c\u2019est chose faite. Les 350 coll\u00e9giens de l\u2019\u00e9tablissement de Pontal\u00e9ry au Robert retrouvent leur site ce mardi pour la rentr\u00e9e\",\"breadcrumb\":{\"@id\":\"https:\\\/\\\/martinique2050.com\\\/sargasses-le-college-robert-iii-a-fait-sa-rentree\\\/#breadcrumb\"},\"inLanguage\":\"en-US\",\"potentialAction\":[{\"@type\":\"ReadAction\",\"target\":[\"https:\\\/\\\/martinique2050.com\\\/sargasses-le-college-robert-iii-a-fait-sa-rentree\\\/\"]}]},{\"@type\":\"ImageObject\",\"inLanguage\":\"en-US\",\"@id\":\"https:\\\/\\\/martinique2050.com\\\/sargasses-le-college-robert-iii-a-fait-sa-rentree\\\/#primaryimage\",\"url\":\"https:\\\/\\\/martinique2050.com\\\/wp-content\\\/uploads\\\/2026\\\/09\\\/Capture-decran-2026-06-02-140644.png\",\"contentUrl\":\"https:\\\/\\\/martinique2050.com\\\/wp-content\\\/uploads\\\/2026\\\/09\\\/Capture-decran-2026-06-02-140644.png\",\"width\":800,\"height\":535,\"caption\":\"Capture-decran-2026-06-02-140644\"},{\"@type\":\"BreadcrumbList\",\"@id\":\"https:\\\/\\\/martinique2050.com\\\/sargasses-le-college-robert-iii-a-fait-sa-rentree\\\/#breadcrumb\",\"itemListElement\":[{\"@type\":\"ListItem\",\"position\":1,\"name\":\"Home\",\"item\":\"https:\\\/\\\/martinique2050.com\\\/\"},{\"@type\":\"ListItem\",\"position\":2,\"name\":\"Sargasses : le coll\u00e8ge Robert III a fait sa rentr\u00e9e\"}]},{\"@type\":\"WebSite\",\"@id\":\"https:\\\/\\\/martinique2050.com\\\/#website\",\"url\":\"https:\\\/\\\/martinique2050.com\\\/\",\"name\":\"martinique2050\",\"description\":\"Actualit\u00e9 du d\u00e9veloppement durable et de l&#039;\u00e9conomie circulaire en Martinique\",\"potentialAction\":[{\"@type\":\"SearchAction\",\"target\":{\"@type\":\"EntryPoint\",\"urlTemplate\":\"https:\\\/\\\/martinique2050.com\\\/?s={search_term_string}\"},\"query-input\":{\"@type\":\"PropertyValueSpecification\",\"valueRequired\":true,\"valueName\":\"search_term_string\"}}],\"inLanguage\":\"en-US\"},{\"@type\":\"Person\",\"@id\":\"https:\\\/\\\/martinique2050.com\\\/#\\\/schema\\\/person\\\/23865916c68d68d3976773d98d382e0e\",\"name\":\"M\u00e9lissa Vergnaud\",\"image\":{\"@type\":\"ImageObject\",\"inLanguage\":\"en-US\",\"@id\":\"https:\\\/\\\/secure.gravatar.com\\\/avatar\\\/eb6b97eef004d4c3ee299cf7265ff444cc09f9fb5909953c4218f780f9b4f9fc?s=96&d=mm&r=g\",\"url\":\"https:\\\/\\\/secure.gravatar.com\\\/avatar\\\/eb6b97eef004d4c3ee299cf7265ff444cc09f9fb5909953c4218f780f9b4f9fc?s=96&d=mm&r=g\",\"contentUrl\":\"https:\\\/\\\/secure.gravatar.com\\\/avatar\\\/eb6b97eef004d4c3ee299cf7265ff444cc09f9fb5909953c4218f780f9b4f9fc?s=96&d=mm&r=g\",\"caption\":\"M\u00e9lissa Vergnaud\"},\"url\":\"https:\\\/\\\/martinique2050.com\\\/en\\\/author\\\/melissa3ed-fr\\\/\"}]}<\/script>\n<!-- \/ Yoast SEO plugin. -->","yoast_head_json":{"title":"Sargasses : le coll\u00e8ge Robert III a fait sa rentr\u00e9e - martinique2050","description":"Cinq mois plus tard, c\u2019est chose faite. Les 350 coll\u00e9giens de l\u2019\u00e9tablissement de Pontal\u00e9ry au Robert retrouvent leur site ce mardi pour la rentr\u00e9e","robots":{"index":"index","follow":"follow","max-snippet":"max-snippet:-1","max-image-preview":"max-image-preview:large","max-video-preview":"max-video-preview:-1"},"canonical":"https:\/\/martinique2050.com\/en\/sargasses-le-college-robert-iii-a-fait-sa-rentree\/","og_locale":"en_US","og_type":"article","og_title":"Sargasses : le coll\u00e8ge Robert III a fait sa rentr\u00e9e - martinique2050","og_description":"Cinq mois plus tard, c\u2019est chose faite. Les 350 coll\u00e9giens de l\u2019\u00e9tablissement de Pontal\u00e9ry au Robert retrouvent leur site ce mardi pour la rentr\u00e9e","og_url":"https:\/\/martinique2050.com\/en\/sargasses-le-college-robert-iii-a-fait-sa-rentree\/","og_site_name":"martinique2050","article_published_time":"2026-09-03T19:44:29+00:00","article_modified_time":"2026-09-04T14:46:07+00:00","og_image":[{"width":800,"height":535,"url":"https:\/\/martinique2050.com\/wp-content\/uploads\/2026\/09\/Capture-decran-2026-06-02-140644.png","type":"image\/png"}],"author":"M\u00e9lissa Vergnaud","twitter_card":"summary_large_image","twitter_misc":{"Written by":"M\u00e9lissa Vergnaud","Est. reading time":"3 minutes"},"schema":{"@context":"https:\/\/schema.org","@graph":[{"@type":"NewsArticle","@id":"https:\/\/martinique2050.com\/sargasses-le-college-robert-iii-a-fait-sa-rentree\/#article","isPartOf":{"@id":"https:\/\/martinique2050.com\/sargasses-le-college-robert-iii-a-fait-sa-rentree\/"},"author":{"name":"M\u00e9lissa Vergnaud","@id":"https:\/\/martinique2050.com\/#\/schema\/person\/23865916c68d68d3976773d98d382e0e"},"headline":"Sargasses : le coll\u00e8ge Robert III a fait sa rentr\u00e9e","datePublished":"2026-09-03T19:44:29+00:00","dateModified":"2026-09-04T14:46:07+00:00","mainEntityOfPage":{"@id":"https:\/\/martinique2050.com\/sargasses-le-college-robert-iii-a-fait-sa-rentree\/"},"wordCount":485,"image":{"@id":"https:\/\/martinique2050.com\/sargasses-le-college-robert-iii-a-fait-sa-rentree\/#primaryimage"},"thumbnailUrl":"https:\/\/martinique2050.com\/wp-content\/uploads\/2026\/09\/Capture-decran-2026-06-02-140644.png","articleSection":["Cara\u00efbe","Education Env. &amp; D\u00e9v. Durable"],"inLanguage":"en-US"},{"@type":"WebPage","@id":"https:\/\/martinique2050.com\/sargasses-le-college-robert-iii-a-fait-sa-rentree\/","url":"https:\/\/martinique2050.com\/sargasses-le-college-robert-iii-a-fait-sa-rentree\/","name":"Sargasses : le coll\u00e8ge Robert III a fait sa rentr\u00e9e - martinique2050","isPartOf":{"@id":"https:\/\/martinique2050.com\/#website"},"primaryImageOfPage":{"@id":"https:\/\/martinique2050.com\/sargasses-le-college-robert-iii-a-fait-sa-rentree\/#primaryimage"},"image":{"@id":"https:\/\/martinique2050.com\/sargasses-le-college-robert-iii-a-fait-sa-rentree\/#primaryimage"},"thumbnailUrl":"https:\/\/martinique2050.com\/wp-content\/uploads\/2026\/09\/Capture-decran-2026-06-02-140644.png","datePublished":"2026-09-03T19:44:29+00:00","dateModified":"2026-09-04T14:46:07+00:00","author":{"@id":"https:\/\/martinique2050.com\/#\/schema\/person\/23865916c68d68d3976773d98d382e0e"},"description":"Cinq mois plus tard, c\u2019est chose faite. Les 350 coll\u00e9giens de l\u2019\u00e9tablissement de Pontal\u00e9ry au Robert retrouvent leur site ce mardi pour la rentr\u00e9e","breadcrumb":{"@id":"https:\/\/martinique2050.com\/sargasses-le-college-robert-iii-a-fait-sa-rentree\/#breadcrumb"},"inLanguage":"en-US","potentialAction":[{"@type":"ReadAction","target":["https:\/\/martinique2050.com\/sargasses-le-college-robert-iii-a-fait-sa-rentree\/"]}]},{"@type":"ImageObject","inLanguage":"en-US","@id":"https:\/\/martinique2050.com\/sargasses-le-college-robert-iii-a-fait-sa-rentree\/#primaryimage","url":"https:\/\/martinique2050.com\/wp-content\/uploads\/2026\/09\/Capture-decran-2026-06-02-140644.png","contentUrl":"https:\/\/martinique2050.com\/wp-content\/uploads\/2026\/09\/Capture-decran-2026-06-02-140644.png","width":800,"height":535,"caption":"Capture-decran-2026-06-02-140644"},{"@type":"BreadcrumbList","@id":"https:\/\/martinique2050.com\/sargasses-le-college-robert-iii-a-fait-sa-rentree\/#breadcrumb","itemListElement":[{"@type":"ListItem","position":1,"name":"Home","item":"https:\/\/martinique2050.com\/"},{"@type":"ListItem","position":2,"name":"Sargasses : le coll\u00e8ge Robert III a fait sa rentr\u00e9e"}]},{"@type":"WebSite","@id":"https:\/\/martinique2050.com\/#website","url":"https:\/\/martinique2050.com\/","name":"martinique2050","description":"Latest News on Sustainable Development and the Circular Economy in Martinique","potentialAction":[{"@type":"SearchAction","target":{"@type":"EntryPoint","urlTemplate":"https:\/\/martinique2050.com\/?s={search_term_string}"},"query-input":{"@type":"PropertyValueSpecification","valueRequired":true,"valueName":"search_term_string"}}],"inLanguage":"en-US"},{"@type":"Person","@id":"https:\/\/martinique2050.com\/#\/schema\/person\/23865916c68d68d3976773d98d382e0e","name":"M\u00e9lissa Vergnaud","image":{"@type":"ImageObject","inLanguage":"en-US","@id":"https:\/\/secure.gravatar.com\/avatar\/eb6b97eef004d4c3ee299cf7265ff444cc09f9fb5909953c4218f780f9b4f9fc?s=96&d=mm&r=g","url":"https:\/\/secure.gravatar.com\/avatar\/eb6b97eef004d4c3ee299cf7265ff444cc09f9fb5909953c4218f780f9b4f9fc?s=96&d=mm&r=g","contentUrl":"https:\/\/secure.gravatar.com\/avatar\/eb6b97eef004d4c3ee299cf7265ff444cc09f9fb5909953c4218f780f9b4f9fc?s=96&d=mm&r=g","caption":"M\u00e9lissa Vergnaud"},"url":"https:\/\/martinique2050.com\/en\/author\/melissa3ed-fr\/"}]}},"_links":{"self":[{"href":"https:\/\/martinique2050.com\/en\/wp-json\/wp\/v2\/posts\/9301","targetHints":{"allow":["GET"]}}],"collection":[{"href":"https:\/\/martinique2050.com\/en\/wp-json\/wp\/v2\/posts"}],"about":[{"href":"https:\/\/martinique2050.com\/en\/wp-json\/wp\/v2\/types\/post"}],"author":[{"embeddable":true,"href":"https:\/\/martinique2050.com\/en\/wp-json\/wp\/v2\/users\/8"}],"replies":[{"embeddable":true,"href":"https:\/\/martinique2050.com\/en\/wp-json\/wp\/v2\/comments?post=9301"}],"version-history":[{"count":6,"href":"https:\/\/martinique2050.com\/en\/wp-json\/wp\/v2\/posts\/9301\/revisions"}],"predecessor-version":[{"id":9329,"href":"https:\/\/martinique2050.com\/en\/wp-json\/wp\/v2\/posts\/9301\/revisions\/9329"}],"wp:featuredmedia":[{"embeddable":true,"href":"https:\/\/martinique2050.com\/en\/wp-json\/wp\/v2\/media\/9302"}],"wp:attachment":[{"href":"https:\/\/martinique2050.com\/en\/wp-json\/wp\/v2\/media?parent=9301"}],"wp:term":[{"taxonomy":"category","embeddable":true,"href":"https:\/\/martinique2050.com\/en\/wp-json\/wp\/v2\/categories?post=9301"},{"taxonomy":"post_tag","embeddable":true,"href":"https:\/\/martinique2050.com\/en\/wp-json\/wp\/v2\/tags?post=9301"}],"curies":[{"name":"wp","href":"https:\/\/api.w.org\/{rel}","templated":true}]}}