{"id":9311,"date":"2026-09-03T16:15:15","date_gmt":"2026-09-03T20:15:15","guid":{"rendered":"https:\/\/martinique2050.com\/?p=9311"},"modified":"2026-09-04T10:43:16","modified_gmt":"2026-09-04T14:43:16","slug":"secheresse-et-loi-inadaptee-le-double-revers-de-lagriculture-martiniquaise","status":"publish","type":"post","link":"https:\/\/martinique2050.com\/en\/secheresse-et-loi-inadaptee-le-double-revers-de-lagriculture-martiniquaise\/","title":{"rendered":"S\u00e9cheresse et loi inadapt\u00e9e, le double revers de l\u2019agriculture martiniquaise"},"content":{"rendered":"<figure id=\"attachment_9312\" aria-describedby=\"caption-attachment-9312\" style=\"width: 800px\" class=\"wp-caption alignnone\"><img fetchpriority=\"high\" decoding=\"async\" class=\"wp-image-9312 size-full\" src=\"https:\/\/martinique2050.com\/wp-content\/uploads\/2026\/09\/IMG_0808.jpeg\" alt=\"IMG_0808\" width=\"800\" height=\"563\" srcset=\"https:\/\/martinique2050.com\/wp-content\/uploads\/2026\/09\/IMG_0808.jpeg 800w, https:\/\/martinique2050.com\/wp-content\/uploads\/2026\/09\/IMG_0808-300x211.jpeg 300w, https:\/\/martinique2050.com\/wp-content\/uploads\/2026\/09\/IMG_0808-768x540.jpeg 768w, https:\/\/martinique2050.com\/wp-content\/uploads\/2026\/09\/IMG_0808-18x12.jpeg 18w\" sizes=\"(max-width: 800px) 100vw, 800px\" \/><figcaption id=\"caption-attachment-9312\" class=\"wp-caption-text\">Ferme du domaine de Marquis o\u00f9 les agriculteurs ont signal\u00e9 des difficult\u00e9s li\u00e9es \u00e0 la hausse des temp\u00e9ratures. (Cr\u00e9dit photo : Keryn Nelson)<\/figcaption><\/figure>\n<h3>D\u2019un c\u00f4t\u00e9, un \u00e9pisode de s\u00e9cheresse sans pr\u00e9c\u00e9dent qui s\u2019\u00e9tire depuis mars et menace de se prolonger jusqu\u2019en septembre. De l\u2019autre, une loi d\u2019urgence agricole promulgu\u00e9e le 19 ao\u00fbt, pens\u00e9e pour l\u2019Hexagone et peu adapt\u00e9e aux r\u00e9alit\u00e9s martiniquaises. Pour Nicaise Monrose, \u00e9lu en charge de l\u2019\u00e9conomie \u00e0 la CTM, les r\u00e9ponses ne viendront pas de Paris. Il plaide pour une loi agricole propre \u00e0 l\u2019Outre-mer et un pouvoir normatif local capable de construire un mod\u00e8le agricole adapt\u00e9 aux d\u00e9fis martiniquais<em>.<\/em><\/h3>\n<p>Entre une crise de la s\u00e9cheresse et une loi d\u2019urgence agricole peu taill\u00e9e pour le territoire, l\u2019agriculture martiniquaise subit un v\u00e9ritable revers. C\u00f4t\u00e9 s\u00e9cheresse, la proc\u00e9dure de calamit\u00e9 est attendue par les agriculteurs locaux. Depuis le mois de mars, l\u2019\u00eele conna\u00eet un \u00e9pisode de s\u00e9cheresse sans pr\u00e9c\u00e9dent qui, selon les donn\u00e9es de M\u00e9t\u00e9o France, risque de se prolonger en septembre. \u00ab Il faut r\u00e9fl\u00e9chir \u00e0 une solution qui n\u2019est pas celle que l\u2019on a pratiqu\u00e9e jusqu\u2019\u00e0 maintenant \u00bb, affirme Nicaise Monrose, \u00e9lu en charge de l\u2019\u00e9conomie \u00e0 la CTM. Pour ce dernier, il reste un enjeu majeur, l\u2019adaptation au changement climatique.<\/p>\n<h4>La n\u00e9cessit\u00e9 d\u2019une transition agricole<\/h4>\n<p>\u00ab L\u2019avenir n\u2019est pas \u00e0 revenir \u00e0 ce que l\u2019on connaissait auparavant. Il faut que nous ayons un mod\u00e8le agricole adapt\u00e9 aux d\u00e9fis climatiques actuels. C\u2019est un travail de longue haleine d\u2019accompagner les agriculteurs. \u00bb Pour ce faire, la CTM compte mobiliser l\u2019exp\u00e9rimentation, la recherche, la volont\u00e9 des agriculteurs. \u00ab Le mod\u00e8le de la mono culture aura peut-\u00eatre v\u00e9cu. C\u2019est un constat que dressent les chercheurs. \u00bb Nicaise Monrose note toutefois qu\u2019il existe d\u00e9j\u00e0 des agriculteurs qui d\u00e9ploient ces efforts d\u2019adapter leur mod\u00e8le de production.<\/p>\n<p><img decoding=\"async\" class=\"size-full wp-image-89467 aligncenter lazyloaded\" src=\"https:\/\/antilla-martinique.com\/wp-content\/uploads\/2026\/04\/monrose.jpeg\" sizes=\"(max-width: 800px) 100vw, 800px\" srcset=\"https:\/\/antilla-martinique.com\/wp-content\/uploads\/2026\/04\/monrose.jpeg 800w, https:\/\/antilla-martinique.com\/wp-content\/uploads\/2026\/04\/monrose-768x346.jpeg 768w, https:\/\/antilla-martinique.com\/wp-content\/uploads\/2026\/04\/monrose-150x68.jpeg 150w, https:\/\/antilla-martinique.com\/wp-content\/uploads\/2026\/04\/monrose-450x203.jpeg 450w\" alt=\"\" width=\"800\" height=\"360\" data-src=\"https:\/\/antilla-martinique.com\/wp-content\/uploads\/2026\/04\/monrose.jpeg\" data-srcset=\"https:\/\/antilla-martinique.com\/wp-content\/uploads\/2026\/04\/monrose.jpeg 800w, https:\/\/antilla-martinique.com\/wp-content\/uploads\/2026\/04\/monrose-768x346.jpeg 768w, https:\/\/antilla-martinique.com\/wp-content\/uploads\/2026\/04\/monrose-150x68.jpeg 150w, https:\/\/antilla-martinique.com\/wp-content\/uploads\/2026\/04\/monrose-450x203.jpeg 450w\" data-sizes=\"(max-width: 800px) 100vw, 800px\" \/><\/p>\n<p>C\u2019est toute l\u2019agriculture nationale qui est en crise. L\u2019\u00c9tat a r\u00e9pondu en promulguant la loi d\u2019urgence agricole le 19 ao\u00fbt. Or ce texte peine \u00e0 convaincre les acteurs du monde agricole martiniquais. \u00ab Clairement, la loi d\u2019urgence agricole n\u2019a pas \u00e9t\u00e9 faite pour la Martinique ni pour l\u2019Outre-mer. Elle n\u2019a m\u00eame pas \u00e9t\u00e9 faite pour toute l\u2019agriculture fran\u00e7aise. Elle a \u00e9t\u00e9 faite en r\u00e9ponse \u00e0 des mobilisations d\u2019agriculteurs. Elle r\u00e9pond \u00e0 une partie de la probl\u00e9matique. \u00bb Il estime que l\u2019avenir de l\u2019agriculture martiniquais ne se joue pas autour de cette loi. \u00ab Elle ne r\u00e9pond en rien \u00e0 l\u2019urgence de notre agriculture. Elle ne r\u00e9pond en rien \u00e0 la construction que nous devons entamer pour notre future agriculture. \u00bb Selon Nicaise Monrose cette agriculture doit se mettre en mouvement collectivement afin de sauvegarder un nombre \u00e9lev\u00e9 d\u2019exploitations. \u00ab Nous devons y int\u00e9grer des jeunes \u00e9galement dans une agriculture qui puisse correspondre \u00e0 la situation actuelle. Ce n\u2019est pas cette loi qui va pr\u00e9parer les perspectives que nous voulons pour notre agriculture. \u00bb<\/p>\n<h4>\u00ab\u00a0Notre agriculture est malmen\u00e9e\u00a0\u00bb<\/h4>\n<p>Pour l\u2019\u00e9lu, il faut une loi agricole pour l\u2019Outre-mer et la Martinique en particulier. \u00ab Il faut que localement nous ayons la possibilit\u00e9 de proposer des \u00e9l\u00e9ments de cette loi et que tout ne descende pas de Paris comme c\u2019est le cas actuellement. \u00bb Nicaise Monrose pr\u00f4ne le pouvoir normatif autonome de la collectivit\u00e9 en mati\u00e8re d\u2019agriculture. \u00ab Notre agriculture est malmen\u00e9e et pas tr\u00e8s bien g\u00e9r\u00e9e. \u00bb Il souligne le manque d\u2019adaptabilit\u00e9 de l\u2019appareil l\u00e9gislatif aux enjeux locaux. \u00ab Avec cette loi, on essaie de voir comment elle peut s\u2019adapter \u00e0 nous parce que les d\u00e9crets d\u2019application pour l\u2019Outre-mer ne sont toujours pas pris. C\u2019est le contraire qu\u2019il faut faire. Nous ne devons pas chercher \u00e0 constamment nous adapter \u00e0 un habit trop grand ou mal ajust\u00e9. \u00bb L\u2019\u00e9lu de la CTM regrette que le territoire soit sans cesse contraint de s\u2019adapter au lieu d\u2019\u00eatre en mesure d\u2019\u00eatre pro actif en construction.<\/p>\n<p><em>Laurianne Nomel<\/em><\/p>\n<p>&nbsp;<\/p>","protected":false},"excerpt":{"rendered":"<p>D\u2019un c\u00f4t\u00e9, un \u00e9pisode de s\u00e9cheresse sans pr\u00e9c\u00e9dent qui s\u2019\u00e9tire depuis mars et menace de se prolonger jusqu\u2019en septembre. De l\u2019autre, une loi d\u2019urgence agricole promulgu\u00e9e le 19 ao\u00fbt, pens\u00e9e pour l\u2019Hexagone et peu adapt\u00e9e aux r\u00e9alit\u00e9s martiniquaises. Pour Nicaise Monrose, \u00e9lu en charge de l\u2019\u00e9conomie \u00e0 la CTM, les r\u00e9ponses ne viendront pas de &hellip;<\/p>","protected":false},"author":8,"featured_media":9312,"comment_status":"closed","ping_status":"open","sticky":false,"template":"","format":"standard","meta":{"_acf_changed":false,"_yoast_wpseo_meta-robots-noindex":"","_yoast_wpseo_canonical":"","_yoast_wpseo_opengraph-title":"","_yoast_wpseo_opengraph-description":"","_yoast_wpseo_twitter-title":"","_yoast_wpseo_twitter-description":"","footnotes":""},"categories":[1547,1870,2234],"tags":[1526,1255,1282,1462,1320,1373,1244],"class_list":["post-9311","post","type-post","status-publish","format-standard","has-post-thumbnail","hentry","category-biodiversite","category-financement","category-mobilite-durable","tag-agriculture","tag-biodiversite","tag-caraibe","tag-developpement-durable","tag-ecologie","tag-environnement","tag-martinique"],"acf":[],"yoast_head":"<!-- This site is optimized with the Yoast SEO plugin v28.4 - https:\/\/yoast.com\/product\/yoast-seo-wordpress\/ -->\n<title>S\u00e9cheresse et loi inadapt\u00e9e, le double revers de l\u2019agriculture martiniquaise - martinique2050<\/title>\n<meta name=\"description\" content=\"D\u2019un c\u00f4t\u00e9, un \u00e9pisode de s\u00e9cheresse sans pr\u00e9c\u00e9dent qui s\u2019\u00e9tire depuis mars et menace de se prolonger jusqu\u2019en septembre. De l\u2019autre, une loi d\u2019urgence\" \/>\n<meta name=\"robots\" content=\"index, follow, max-snippet:-1, max-image-preview:large, max-video-preview:-1\" \/>\n<link rel=\"canonical\" href=\"https:\/\/martinique2050.com\/en\/secheresse-et-loi-inadaptee-le-double-revers-de-lagriculture-martiniquaise\/\" \/>\n<meta property=\"og:locale\" content=\"en_US\" \/>\n<meta property=\"og:type\" content=\"article\" \/>\n<meta property=\"og:title\" content=\"S\u00e9cheresse et loi inadapt\u00e9e, le double revers de l\u2019agriculture martiniquaise - martinique2050\" \/>\n<meta property=\"og:description\" content=\"D\u2019un c\u00f4t\u00e9, un \u00e9pisode de s\u00e9cheresse sans pr\u00e9c\u00e9dent qui s\u2019\u00e9tire depuis mars et menace de se prolonger jusqu\u2019en septembre. De l\u2019autre, une loi d\u2019urgence\" \/>\n<meta property=\"og:url\" content=\"https:\/\/martinique2050.com\/en\/secheresse-et-loi-inadaptee-le-double-revers-de-lagriculture-martiniquaise\/\" \/>\n<meta property=\"og:site_name\" content=\"martinique2050\" \/>\n<meta property=\"article:published_time\" content=\"2026-09-03T20:15:15+00:00\" \/>\n<meta property=\"article:modified_time\" content=\"2026-09-04T14:43:16+00:00\" \/>\n<meta property=\"og:image\" content=\"https:\/\/martinique2050.com\/wp-content\/uploads\/2026\/09\/IMG_0808.jpeg\" \/>\n\t<meta property=\"og:image:width\" content=\"800\" \/>\n\t<meta property=\"og:image:height\" content=\"563\" \/>\n\t<meta property=\"og:image:type\" content=\"image\/jpeg\" \/>\n<meta name=\"author\" content=\"M\u00e9lissa Vergnaud\" \/>\n<meta name=\"twitter:card\" content=\"summary_large_image\" \/>\n<meta name=\"twitter:label1\" content=\"Written by\" \/>\n\t<meta name=\"twitter:data1\" content=\"M\u00e9lissa Vergnaud\" \/>\n\t<meta name=\"twitter:label2\" content=\"Est. reading time\" \/>\n\t<meta name=\"twitter:data2\" content=\"4 minutes\" \/>\n<script type=\"application\/ld+json\" class=\"yoast-schema-graph\">{\"@context\":\"https:\\\/\\\/schema.org\",\"@graph\":[{\"@type\":\"NewsArticle\",\"@id\":\"https:\\\/\\\/martinique2050.com\\\/secheresse-et-loi-inadaptee-le-double-revers-de-lagriculture-martiniquaise\\\/#article\",\"isPartOf\":{\"@id\":\"https:\\\/\\\/martinique2050.com\\\/secheresse-et-loi-inadaptee-le-double-revers-de-lagriculture-martiniquaise\\\/\"},\"author\":{\"name\":\"M\u00e9lissa Vergnaud\",\"@id\":\"https:\\\/\\\/martinique2050.com\\\/#\\\/schema\\\/person\\\/23865916c68d68d3976773d98d382e0e\"},\"headline\":\"S\u00e9cheresse et loi inadapt\u00e9e, le double revers de l\u2019agriculture martiniquaise\",\"datePublished\":\"2026-09-03T20:15:15+00:00\",\"dateModified\":\"2026-09-04T14:43:16+00:00\",\"mainEntityOfPage\":{\"@id\":\"https:\\\/\\\/martinique2050.com\\\/secheresse-et-loi-inadaptee-le-double-revers-de-lagriculture-martiniquaise\\\/\"},\"wordCount\":729,\"image\":{\"@id\":\"https:\\\/\\\/martinique2050.com\\\/secheresse-et-loi-inadaptee-le-double-revers-de-lagriculture-martiniquaise\\\/#primaryimage\"},\"thumbnailUrl\":\"https:\\\/\\\/martinique2050.com\\\/wp-content\\\/uploads\\\/2026\\\/09\\\/IMG_0808.jpeg\",\"keywords\":[\"Agriculture\",\"biodiversit\u00e9\",\"caraibe\",\"developpement durable\",\"\u00e9cologie\",\"Environnement\",\"martinique\"],\"articleSection\":[\"Biodiversit\u00e9 \\\/ Tourisme\",\"Financement\",\"Mobilit\u00e9 durable\"],\"inLanguage\":\"en-US\"},{\"@type\":\"WebPage\",\"@id\":\"https:\\\/\\\/martinique2050.com\\\/secheresse-et-loi-inadaptee-le-double-revers-de-lagriculture-martiniquaise\\\/\",\"url\":\"https:\\\/\\\/martinique2050.com\\\/secheresse-et-loi-inadaptee-le-double-revers-de-lagriculture-martiniquaise\\\/\",\"name\":\"S\u00e9cheresse et loi inadapt\u00e9e, le double revers de l\u2019agriculture martiniquaise - martinique2050\",\"isPartOf\":{\"@id\":\"https:\\\/\\\/martinique2050.com\\\/#website\"},\"primaryImageOfPage\":{\"@id\":\"https:\\\/\\\/martinique2050.com\\\/secheresse-et-loi-inadaptee-le-double-revers-de-lagriculture-martiniquaise\\\/#primaryimage\"},\"image\":{\"@id\":\"https:\\\/\\\/martinique2050.com\\\/secheresse-et-loi-inadaptee-le-double-revers-de-lagriculture-martiniquaise\\\/#primaryimage\"},\"thumbnailUrl\":\"https:\\\/\\\/martinique2050.com\\\/wp-content\\\/uploads\\\/2026\\\/09\\\/IMG_0808.jpeg\",\"datePublished\":\"2026-09-03T20:15:15+00:00\",\"dateModified\":\"2026-09-04T14:43:16+00:00\",\"author\":{\"@id\":\"https:\\\/\\\/martinique2050.com\\\/#\\\/schema\\\/person\\\/23865916c68d68d3976773d98d382e0e\"},\"description\":\"D\u2019un c\u00f4t\u00e9, un \u00e9pisode de s\u00e9cheresse sans pr\u00e9c\u00e9dent qui s\u2019\u00e9tire depuis mars et menace de se prolonger jusqu\u2019en septembre. De l\u2019autre, une loi d\u2019urgence\",\"breadcrumb\":{\"@id\":\"https:\\\/\\\/martinique2050.com\\\/secheresse-et-loi-inadaptee-le-double-revers-de-lagriculture-martiniquaise\\\/#breadcrumb\"},\"inLanguage\":\"en-US\",\"potentialAction\":[{\"@type\":\"ReadAction\",\"target\":[\"https:\\\/\\\/martinique2050.com\\\/secheresse-et-loi-inadaptee-le-double-revers-de-lagriculture-martiniquaise\\\/\"]}]},{\"@type\":\"ImageObject\",\"inLanguage\":\"en-US\",\"@id\":\"https:\\\/\\\/martinique2050.com\\\/secheresse-et-loi-inadaptee-le-double-revers-de-lagriculture-martiniquaise\\\/#primaryimage\",\"url\":\"https:\\\/\\\/martinique2050.com\\\/wp-content\\\/uploads\\\/2026\\\/09\\\/IMG_0808.jpeg\",\"contentUrl\":\"https:\\\/\\\/martinique2050.com\\\/wp-content\\\/uploads\\\/2026\\\/09\\\/IMG_0808.jpeg\",\"width\":800,\"height\":563,\"caption\":\"IMG_0808\"},{\"@type\":\"BreadcrumbList\",\"@id\":\"https:\\\/\\\/martinique2050.com\\\/secheresse-et-loi-inadaptee-le-double-revers-de-lagriculture-martiniquaise\\\/#breadcrumb\",\"itemListElement\":[{\"@type\":\"ListItem\",\"position\":1,\"name\":\"Home\",\"item\":\"https:\\\/\\\/martinique2050.com\\\/\"},{\"@type\":\"ListItem\",\"position\":2,\"name\":\"S\u00e9cheresse et loi inadapt\u00e9e, le double revers de l\u2019agriculture martiniquaise\"}]},{\"@type\":\"WebSite\",\"@id\":\"https:\\\/\\\/martinique2050.com\\\/#website\",\"url\":\"https:\\\/\\\/martinique2050.com\\\/\",\"name\":\"martinique2050\",\"description\":\"Actualit\u00e9 du d\u00e9veloppement durable et de l&#039;\u00e9conomie circulaire en Martinique\",\"potentialAction\":[{\"@type\":\"SearchAction\",\"target\":{\"@type\":\"EntryPoint\",\"urlTemplate\":\"https:\\\/\\\/martinique2050.com\\\/?s={search_term_string}\"},\"query-input\":{\"@type\":\"PropertyValueSpecification\",\"valueRequired\":true,\"valueName\":\"search_term_string\"}}],\"inLanguage\":\"en-US\"},{\"@type\":\"Person\",\"@id\":\"https:\\\/\\\/martinique2050.com\\\/#\\\/schema\\\/person\\\/23865916c68d68d3976773d98d382e0e\",\"name\":\"M\u00e9lissa Vergnaud\",\"image\":{\"@type\":\"ImageObject\",\"inLanguage\":\"en-US\",\"@id\":\"https:\\\/\\\/secure.gravatar.com\\\/avatar\\\/eb6b97eef004d4c3ee299cf7265ff444cc09f9fb5909953c4218f780f9b4f9fc?s=96&d=mm&r=g\",\"url\":\"https:\\\/\\\/secure.gravatar.com\\\/avatar\\\/eb6b97eef004d4c3ee299cf7265ff444cc09f9fb5909953c4218f780f9b4f9fc?s=96&d=mm&r=g\",\"contentUrl\":\"https:\\\/\\\/secure.gravatar.com\\\/avatar\\\/eb6b97eef004d4c3ee299cf7265ff444cc09f9fb5909953c4218f780f9b4f9fc?s=96&d=mm&r=g\",\"caption\":\"M\u00e9lissa Vergnaud\"},\"url\":\"https:\\\/\\\/martinique2050.com\\\/en\\\/author\\\/melissa3ed-fr\\\/\"}]}<\/script>\n<!-- \/ Yoast SEO plugin. -->","yoast_head_json":{"title":"S\u00e9cheresse et loi inadapt\u00e9e, le double revers de l\u2019agriculture martiniquaise - martinique2050","description":"D\u2019un c\u00f4t\u00e9, un \u00e9pisode de s\u00e9cheresse sans pr\u00e9c\u00e9dent qui s\u2019\u00e9tire depuis mars et menace de se prolonger jusqu\u2019en septembre. De l\u2019autre, une loi d\u2019urgence","robots":{"index":"index","follow":"follow","max-snippet":"max-snippet:-1","max-image-preview":"max-image-preview:large","max-video-preview":"max-video-preview:-1"},"canonical":"https:\/\/martinique2050.com\/en\/secheresse-et-loi-inadaptee-le-double-revers-de-lagriculture-martiniquaise\/","og_locale":"en_US","og_type":"article","og_title":"S\u00e9cheresse et loi inadapt\u00e9e, le double revers de l\u2019agriculture martiniquaise - martinique2050","og_description":"D\u2019un c\u00f4t\u00e9, un \u00e9pisode de s\u00e9cheresse sans pr\u00e9c\u00e9dent qui s\u2019\u00e9tire depuis mars et menace de se prolonger jusqu\u2019en septembre. De l\u2019autre, une loi d\u2019urgence","og_url":"https:\/\/martinique2050.com\/en\/secheresse-et-loi-inadaptee-le-double-revers-de-lagriculture-martiniquaise\/","og_site_name":"martinique2050","article_published_time":"2026-09-03T20:15:15+00:00","article_modified_time":"2026-09-04T14:43:16+00:00","og_image":[{"width":800,"height":563,"url":"https:\/\/martinique2050.com\/wp-content\/uploads\/2026\/09\/IMG_0808.jpeg","type":"image\/jpeg"}],"author":"M\u00e9lissa Vergnaud","twitter_card":"summary_large_image","twitter_misc":{"Written by":"M\u00e9lissa Vergnaud","Est. reading time":"4 minutes"},"schema":{"@context":"https:\/\/schema.org","@graph":[{"@type":"NewsArticle","@id":"https:\/\/martinique2050.com\/secheresse-et-loi-inadaptee-le-double-revers-de-lagriculture-martiniquaise\/#article","isPartOf":{"@id":"https:\/\/martinique2050.com\/secheresse-et-loi-inadaptee-le-double-revers-de-lagriculture-martiniquaise\/"},"author":{"name":"M\u00e9lissa Vergnaud","@id":"https:\/\/martinique2050.com\/#\/schema\/person\/23865916c68d68d3976773d98d382e0e"},"headline":"S\u00e9cheresse et loi inadapt\u00e9e, le double revers de l\u2019agriculture martiniquaise","datePublished":"2026-09-03T20:15:15+00:00","dateModified":"2026-09-04T14:43:16+00:00","mainEntityOfPage":{"@id":"https:\/\/martinique2050.com\/secheresse-et-loi-inadaptee-le-double-revers-de-lagriculture-martiniquaise\/"},"wordCount":729,"image":{"@id":"https:\/\/martinique2050.com\/secheresse-et-loi-inadaptee-le-double-revers-de-lagriculture-martiniquaise\/#primaryimage"},"thumbnailUrl":"https:\/\/martinique2050.com\/wp-content\/uploads\/2026\/09\/IMG_0808.jpeg","keywords":["Agriculture","biodiversit\u00e9","caraibe","developpement durable","\u00e9cologie","Environnement","martinique"],"articleSection":["Biodiversit\u00e9 \/ Tourisme","Financement","Mobilit\u00e9 durable"],"inLanguage":"en-US"},{"@type":"WebPage","@id":"https:\/\/martinique2050.com\/secheresse-et-loi-inadaptee-le-double-revers-de-lagriculture-martiniquaise\/","url":"https:\/\/martinique2050.com\/secheresse-et-loi-inadaptee-le-double-revers-de-lagriculture-martiniquaise\/","name":"S\u00e9cheresse et loi inadapt\u00e9e, le double revers de l\u2019agriculture martiniquaise - martinique2050","isPartOf":{"@id":"https:\/\/martinique2050.com\/#website"},"primaryImageOfPage":{"@id":"https:\/\/martinique2050.com\/secheresse-et-loi-inadaptee-le-double-revers-de-lagriculture-martiniquaise\/#primaryimage"},"image":{"@id":"https:\/\/martinique2050.com\/secheresse-et-loi-inadaptee-le-double-revers-de-lagriculture-martiniquaise\/#primaryimage"},"thumbnailUrl":"https:\/\/martinique2050.com\/wp-content\/uploads\/2026\/09\/IMG_0808.jpeg","datePublished":"2026-09-03T20:15:15+00:00","dateModified":"2026-09-04T14:43:16+00:00","author":{"@id":"https:\/\/martinique2050.com\/#\/schema\/person\/23865916c68d68d3976773d98d382e0e"},"description":"D\u2019un c\u00f4t\u00e9, un \u00e9pisode de s\u00e9cheresse sans pr\u00e9c\u00e9dent qui s\u2019\u00e9tire depuis mars et menace de se prolonger jusqu\u2019en septembre. De l\u2019autre, une loi d\u2019urgence","breadcrumb":{"@id":"https:\/\/martinique2050.com\/secheresse-et-loi-inadaptee-le-double-revers-de-lagriculture-martiniquaise\/#breadcrumb"},"inLanguage":"en-US","potentialAction":[{"@type":"ReadAction","target":["https:\/\/martinique2050.com\/secheresse-et-loi-inadaptee-le-double-revers-de-lagriculture-martiniquaise\/"]}]},{"@type":"ImageObject","inLanguage":"en-US","@id":"https:\/\/martinique2050.com\/secheresse-et-loi-inadaptee-le-double-revers-de-lagriculture-martiniquaise\/#primaryimage","url":"https:\/\/martinique2050.com\/wp-content\/uploads\/2026\/09\/IMG_0808.jpeg","contentUrl":"https:\/\/martinique2050.com\/wp-content\/uploads\/2026\/09\/IMG_0808.jpeg","width":800,"height":563,"caption":"IMG_0808"},{"@type":"BreadcrumbList","@id":"https:\/\/martinique2050.com\/secheresse-et-loi-inadaptee-le-double-revers-de-lagriculture-martiniquaise\/#breadcrumb","itemListElement":[{"@type":"ListItem","position":1,"name":"Home","item":"https:\/\/martinique2050.com\/"},{"@type":"ListItem","position":2,"name":"S\u00e9cheresse et loi inadapt\u00e9e, le double revers de l\u2019agriculture martiniquaise"}]},{"@type":"WebSite","@id":"https:\/\/martinique2050.com\/#website","url":"https:\/\/martinique2050.com\/","name":"martinique2050","description":"Latest News on Sustainable Development and the Circular Economy in Martinique","potentialAction":[{"@type":"SearchAction","target":{"@type":"EntryPoint","urlTemplate":"https:\/\/martinique2050.com\/?s={search_term_string}"},"query-input":{"@type":"PropertyValueSpecification","valueRequired":true,"valueName":"search_term_string"}}],"inLanguage":"en-US"},{"@type":"Person","@id":"https:\/\/martinique2050.com\/#\/schema\/person\/23865916c68d68d3976773d98d382e0e","name":"M\u00e9lissa Vergnaud","image":{"@type":"ImageObject","inLanguage":"en-US","@id":"https:\/\/secure.gravatar.com\/avatar\/eb6b97eef004d4c3ee299cf7265ff444cc09f9fb5909953c4218f780f9b4f9fc?s=96&d=mm&r=g","url":"https:\/\/secure.gravatar.com\/avatar\/eb6b97eef004d4c3ee299cf7265ff444cc09f9fb5909953c4218f780f9b4f9fc?s=96&d=mm&r=g","contentUrl":"https:\/\/secure.gravatar.com\/avatar\/eb6b97eef004d4c3ee299cf7265ff444cc09f9fb5909953c4218f780f9b4f9fc?s=96&d=mm&r=g","caption":"M\u00e9lissa Vergnaud"},"url":"https:\/\/martinique2050.com\/en\/author\/melissa3ed-fr\/"}]}},"_links":{"self":[{"href":"https:\/\/martinique2050.com\/en\/wp-json\/wp\/v2\/posts\/9311","targetHints":{"allow":["GET"]}}],"collection":[{"href":"https:\/\/martinique2050.com\/en\/wp-json\/wp\/v2\/posts"}],"about":[{"href":"https:\/\/martinique2050.com\/en\/wp-json\/wp\/v2\/types\/post"}],"author":[{"embeddable":true,"href":"https:\/\/martinique2050.com\/en\/wp-json\/wp\/v2\/users\/8"}],"replies":[{"embeddable":true,"href":"https:\/\/martinique2050.com\/en\/wp-json\/wp\/v2\/comments?post=9311"}],"version-history":[{"count":2,"href":"https:\/\/martinique2050.com\/en\/wp-json\/wp\/v2\/posts\/9311\/revisions"}],"predecessor-version":[{"id":9327,"href":"https:\/\/martinique2050.com\/en\/wp-json\/wp\/v2\/posts\/9311\/revisions\/9327"}],"wp:featuredmedia":[{"embeddable":true,"href":"https:\/\/martinique2050.com\/en\/wp-json\/wp\/v2\/media\/9312"}],"wp:attachment":[{"href":"https:\/\/martinique2050.com\/en\/wp-json\/wp\/v2\/media?parent=9311"}],"wp:term":[{"taxonomy":"category","embeddable":true,"href":"https:\/\/martinique2050.com\/en\/wp-json\/wp\/v2\/categories?post=9311"},{"taxonomy":"post_tag","embeddable":true,"href":"https:\/\/martinique2050.com\/en\/wp-json\/wp\/v2\/tags?post=9311"}],"curies":[{"name":"wp","href":"https:\/\/api.w.org\/{rel}","templated":true}]}}