{"id":9317,"date":"2026-09-04T10:24:12","date_gmt":"2026-09-04T14:24:12","guid":{"rendered":"https:\/\/martinique2050.com\/?p=9317"},"modified":"2026-09-04T11:23:52","modified_gmt":"2026-09-04T15:23:52","slug":"el-nino-la-planete-entre-en-zone-dangereuse-jusquen-2027","status":"publish","type":"post","link":"https:\/\/martinique2050.com\/en\/el-nino-la-planete-entre-en-zone-dangereuse-jusquen-2027\/","title":{"rendered":"El Ni\u00f1o : la plan\u00e8te entre en \u00ab zone dangereuse \u00bb jusqu&rsquo;en 2027"},"content":{"rendered":"<h4>Il ne faiblira pas avant 2027. L&rsquo;Organisation m\u00e9t\u00e9orologique mondiale (OMM) n&rsquo;a jamais \u00e9t\u00e9 aussi affirmative : El Ni\u00f1o devrait devenir \u00ab tr\u00e8s intense \u00bb d&rsquo;ici la fin de l&rsquo;ann\u00e9e. Chaleur record, s\u00e9cheresses, inondations : le monde entier est concern\u00e9. La Cara\u00efbe aussi.<\/h4>\n<h2 dir=\"ltr\">100 %. Jamais l&rsquo;OMM n&rsquo;avait \u00e9t\u00e9 aussi s\u00fbre<\/h2>\n<p dir=\"ltr\">El Ni\u00f1o est l\u00e0. La question n&rsquo;est plus de savoir s&rsquo;il va durer, mais jusqu&rsquo;o\u00f9 il va monter.<\/p>\n<p dir=\"ltr\">Selon les derni\u00e8res pr\u00e9visions de l&rsquo;OMM, l&rsquo;agence m\u00e9t\u00e9orologique des Nations Unies, la probabilit\u00e9 que le ph\u00e9nom\u00e8ne persiste jusqu&rsquo;en f\u00e9vrier 2027 avoisine les 100 %. Une premi\u00e8re. Ni pour El Ni\u00f1o, ni pour La Ni\u00f1a, sa version froide, l&rsquo;organisation n&rsquo;avait jamais publi\u00e9 une pr\u00e9vision avec un tel niveau de certitude.<\/p>\n<p dir=\"ltr\">Le pic est attendu vers la fin de l&rsquo;ann\u00e9e. Les effets, eux, se prolongeront en 2027.<\/p>\n<blockquote class=\"quote-solid\">\n<p dir=\"ltr\">\u00ab La plan\u00e8te navigue en eaux inconnues, et ces eaux se r\u00e9chauffent. \u00bb Ant\u00f3nio Guterres, Secr\u00e9taire g\u00e9n\u00e9ral de l&rsquo;ONU<\/p>\n<\/blockquote>\n<h2 dir=\"ltr\">+ 8 \u00b0C sous la surface du Pacifique<\/h2>\n<p dir=\"ltr\">El Ni\u00f1o est un ph\u00e9nom\u00e8ne naturel. Il revient tous les deux \u00e0 sept ans : les eaux du centre et de l&rsquo;est du Pacifique \u00e9quatorial se r\u00e9chauffent, la circulation atmosph\u00e9rique se d\u00e9r\u00e8gle, et les temp\u00e9ratures comme les pr\u00e9cipitations s&rsquo;en trouvent modifi\u00e9es partout sur la plan\u00e8te.<\/p>\n<p dir=\"ltr\">Ce qui change cette fois, c&rsquo;est le contexte. L&rsquo;\u00e9pisode se d\u00e9veloppe sur une plan\u00e8te d\u00e9j\u00e0 r\u00e9chauff\u00e9e par les gaz \u00e0 effet de serre, avec des oc\u00e9ans exceptionnellement chauds.<\/p>\n<p dir=\"ltr\">Les chiffres donnent la mesure. L&rsquo;indice Ni\u00f1o 3.4, r\u00e9f\u00e9rence pour suivre le ph\u00e9nom\u00e8ne, affichait + 1,5 \u00b0C de mai \u00e0 juillet, puis + 2 \u00b0C en juillet. Entre fin juillet et mi-ao\u00fbt, les relev\u00e9s hebdomadaires ont oscill\u00e9 entre + 2,2 \u00b0C et + 2,6 \u00b0C au-dessus de la normale.<\/p>\n<p dir=\"ltr\">Plus frappant encore : sous la surface, dans certaines zones du Pacifique tropical, l&rsquo;eau a d\u00e9pass\u00e9 les normales de plus de 8 \u00b0C. Cette chaleur accumul\u00e9e en profondeur alimente les pr\u00e9visions d&rsquo;intensification.<\/p>\n<p dir=\"ltr\"><strong>Key Figures<\/strong><\/p>\n<ul dir=\"ltr\">\n<li>~100 % : probabilit\u00e9 qu&rsquo;El Ni\u00f1o dure jusqu&rsquo;en f\u00e9vrier 2027\n<ul dir=\"ltr\">\n<li>2,2 \u00e0 + 2,6 \u00b0C : anomalie hebdomadaire de l&rsquo;indice Ni\u00f1o 3.4 (fin juillet \u2013 mi-ao\u00fbt)<\/li>\n<\/ul>\n<ul dir=\"ltr\">\n<li>8 \u00b0C : anomalie relev\u00e9e sous la surface dans certaines zones du Pacifique tropical<\/li>\n<\/ul>\n<\/li>\n<li>2 \u00e0 7 ans : fr\u00e9quence habituelle du ph\u00e9nom\u00e8ne<\/li>\n<\/ul>\n<h2 dir=\"ltr\">\u00ab Petit gar\u00e7on \u00bb, gros d\u00e9g\u00e2ts<\/h2>\n<p dir=\"ltr\">Un El Ni\u00f1o tr\u00e8s intense ne signifie pas des catastrophes partout et de m\u00eame ampleur. Ses effets varient selon les r\u00e9gions, les saisons, et se combinent \u00e0 d&rsquo;autres ph\u00e9nom\u00e8nes oc\u00e9aniques et atmosph\u00e9riques.<\/p>\n<p dir=\"ltr\">Mais pour septembre-novembre, les mod\u00e8les de l&rsquo;OMM sont clairs : des temp\u00e9ratures sup\u00e9rieures \u00e0 la normale sur la quasi-totalit\u00e9 des terres \u00e9merg\u00e9es. C\u00f4t\u00e9 pluies, l&#8217;empreinte d&rsquo;El Ni\u00f1o devrait se renforcer, avec plus de fortes pr\u00e9cipitations dans certaines r\u00e9gions, plus de s\u00e9cheresse dans d&rsquo;autres.<\/p>\n<p dir=\"ltr\">Deux facteurs peuvent encore modifier la donne : une phase positive du dip\u00f4le de l&rsquo;oc\u00e9an Indien, susceptible d&rsquo;amplifier ou d&rsquo;att\u00e9nuer certains effets, et un Atlantique tropical qui devrait rester plus chaud que la normale.<\/p>\n<blockquote class=\"quote-solid\">\n<p dir=\"ltr\">\u00ab El Ni\u00f1o signifie \u201cpetit gar\u00e7on\u201d en espagnol, mais il a le potentiel de porter un coup massif aux communaut\u00e9s et aux \u00e9conomies du monde entier. \u00bb Celeste Saulo, Secr\u00e9taire g\u00e9n\u00e9rale de l&rsquo;OMM<\/p>\n<\/blockquote>\n<h2 dir=\"ltr\">Et la Martinique ?<\/h2>\n<p dir=\"ltr\">Le communiqu\u00e9 de l&rsquo;OMM ne cible pas la Cara\u00efbe. Mais deux \u00e9l\u00e9ments concernent directement l&rsquo;arc antillais.<\/p>\n<p dir=\"ltr\">D&rsquo;abord, l&rsquo;Atlantique tropical plus chaud que la normale, mentionn\u00e9 par l&rsquo;OMM : c&rsquo;est le bassin qui alimente nos cyclones et conditionne nos temp\u00e9ratures.<\/p>\n<p dir=\"ltr\">Ensuite, les grandes tendances connues des ann\u00e9es El Ni\u00f1o dans la r\u00e9gion : une saison cyclonique atlantique g\u00e9n\u00e9ralement moins active, et un risque accru d&rsquo;\u00e9pisodes secs dans la Cara\u00efbe. Des tendances, pas des certitudes : chaque \u00e9pisode est diff\u00e9rent, et l&rsquo;OMM insiste sur les effets \u00ab tr\u00e8s in\u00e9gaux \u00bb selon les territoires.<\/p>\n<p dir=\"ltr\">Sur une \u00eele qui importe l&rsquo;essentiel de son alimentation et d\u00e9pend de ses ressources en eau, ces signaux m\u00e9ritent d&rsquo;\u00eatre suivis de pr\u00e8s.<\/p>\n<h2 dir=\"ltr\">\u00ab Une pr\u00e9paration exceptionnelle \u00bb<\/h2>\n<p dir=\"ltr\">Face \u00e0 un \u00e9pisode appel\u00e9 \u00e0 durer, l&rsquo;OMM affirme avoir engag\u00e9 une mobilisation sans pr\u00e9c\u00e9dent avec les services m\u00e9t\u00e9orologiques et hydrologiques nationaux. Objectif : renforcer les pr\u00e9visions et les syst\u00e8mes d&rsquo;alerte pr\u00e9coce, pour que gouvernements et organisations humanitaires anticipent les impacts sur l&rsquo;agriculture, la sant\u00e9, l&rsquo;\u00e9nergie et l&rsquo;eau.<\/p>\n<p dir=\"ltr\">\u00ab Cet El Ni\u00f1o exceptionnel exige une pr\u00e9paration et une r\u00e9ponse exceptionnelles \u00bb, insiste Celeste Saulo. Fin juillet, l&rsquo;OMM pr\u00e9venait d\u00e9j\u00e0 que l&rsquo;\u00e9pisode allait se renforcer. Un mois plus tard, ses pr\u00e9visions ont gagn\u00e9 en gravit\u00e9 autant qu&rsquo;en certitude.<\/p>\n<p dir=\"ltr\"><strong>\u00c0 retenir<\/strong><\/p>\n<ul dir=\"ltr\">\n<li>El Ni\u00f1o devrait durer jusqu&rsquo;en f\u00e9vrier 2027, avec un pic fin 2026<\/li>\n<li>L&rsquo;OMM n&rsquo;a jamais \u00e9mis une pr\u00e9vision aussi certaine<\/li>\n<li>Temp\u00e9ratures au-dessus de la normale attendues presque partout de septembre \u00e0 novembre<\/li>\n<li>Les effets varient fortement selon les r\u00e9gions<\/li>\n<li>Mobilisation \u00ab sans pr\u00e9c\u00e9dent \u00bb des services m\u00e9t\u00e9o pour l&rsquo;alerte pr\u00e9coce<\/li>\n<\/ul>","protected":false},"excerpt":{"rendered":"<p>Il ne faiblira pas avant 2027. L&rsquo;Organisation m\u00e9t\u00e9orologique mondiale (OMM) n&rsquo;a jamais \u00e9t\u00e9 aussi affirmative : El Ni\u00f1o devrait devenir \u00ab tr\u00e8s intense \u00bb d&rsquo;ici la fin de l&rsquo;ann\u00e9e. Chaleur record, s\u00e9cheresses, inondations : le monde entier est concern\u00e9. La Cara\u00efbe aussi. 100 %. Jamais l&rsquo;OMM n&rsquo;avait \u00e9t\u00e9 aussi s\u00fbre El Ni\u00f1o est l\u00e0. La &hellip;<\/p>","protected":false},"author":8,"featured_media":9318,"comment_status":"closed","ping_status":"open","sticky":false,"template":"","format":"standard","meta":{"_acf_changed":false,"_yoast_wpseo_meta-robots-noindex":"","_yoast_wpseo_canonical":"","_yoast_wpseo_opengraph-title":"","_yoast_wpseo_opengraph-description":"","_yoast_wpseo_twitter-title":"","_yoast_wpseo_twitter-description":"","footnotes":""},"categories":[1187,1165,1723],"tags":[1282,1462,1320,1191,1373,1200,1244,1268,1445,1169],"class_list":["post-9317","post","type-post","status-publish","format-standard","has-post-thumbnail","hentry","category-actualites","category-energie","category-risques-naturels","tag-caraibe","tag-developpement-durable","tag-ecologie","tag-energie","tag-environnement","tag-evenement","tag-martinique","tag-nature","tag-rechauffement-climatique","tag-transition-energetique"],"acf":[],"yoast_head":"<!-- This site is optimized with the Yoast SEO plugin v28.4 - https:\/\/yoast.com\/product\/yoast-seo-wordpress\/ -->\n<title>El Ni\u00f1o : la plan\u00e8te entre en \u00ab zone dangereuse \u00bb jusqu&#039;en 2027 - martinique2050<\/title>\n<meta name=\"description\" content=\"Il ne faiblira pas avant 2027. L&#039;Organisation m\u00e9t\u00e9orologique mondiale (OMM) n&#039;a jamais \u00e9t\u00e9 aussi affirmative : El Ni\u00f1o devrait devenir \u00ab tr\u00e8s intense \u00bb\" \/>\n<meta name=\"robots\" content=\"index, follow, max-snippet:-1, max-image-preview:large, max-video-preview:-1\" \/>\n<link rel=\"canonical\" href=\"https:\/\/martinique2050.com\/en\/el-nino-la-planete-entre-en-zone-dangereuse-jusquen-2027\/\" \/>\n<meta property=\"og:locale\" content=\"en_US\" \/>\n<meta property=\"og:type\" content=\"article\" \/>\n<meta property=\"og:title\" content=\"El Ni\u00f1o : la plan\u00e8te entre en \u00ab zone dangereuse \u00bb jusqu&#039;en 2027 - martinique2050\" \/>\n<meta property=\"og:description\" content=\"Il ne faiblira pas avant 2027. L&#039;Organisation m\u00e9t\u00e9orologique mondiale (OMM) n&#039;a jamais \u00e9t\u00e9 aussi affirmative : El Ni\u00f1o devrait devenir \u00ab tr\u00e8s intense \u00bb\" \/>\n<meta property=\"og:url\" content=\"https:\/\/martinique2050.com\/en\/el-nino-la-planete-entre-en-zone-dangereuse-jusquen-2027\/\" \/>\n<meta property=\"og:site_name\" content=\"martinique2050\" \/>\n<meta property=\"article:published_time\" content=\"2026-09-04T14:24:12+00:00\" \/>\n<meta property=\"article:modified_time\" content=\"2026-09-04T15:23:52+00:00\" \/>\n<meta property=\"og:image\" content=\"https:\/\/martinique2050.com\/wp-content\/uploads\/2026\/09\/JI2QSCV5UNH4RODDNPDHHQVFXE.jpg\" \/>\n\t<meta property=\"og:image:width\" content=\"932\" \/>\n\t<meta property=\"og:image:height\" content=\"582\" \/>\n\t<meta property=\"og:image:type\" content=\"image\/jpeg\" \/>\n<meta name=\"author\" content=\"M\u00e9lissa Vergnaud\" \/>\n<meta name=\"twitter:card\" content=\"summary_large_image\" \/>\n<meta name=\"twitter:label1\" content=\"Written by\" \/>\n\t<meta name=\"twitter:data1\" content=\"M\u00e9lissa Vergnaud\" \/>\n\t<meta name=\"twitter:label2\" content=\"Est. reading time\" \/>\n\t<meta name=\"twitter:data2\" content=\"4 minutes\" \/>\n<script type=\"application\/ld+json\" class=\"yoast-schema-graph\">{\"@context\":\"https:\\\/\\\/schema.org\",\"@graph\":[{\"@type\":\"NewsArticle\",\"@id\":\"https:\\\/\\\/martinique2050.com\\\/el-nino-la-planete-entre-en-zone-dangereuse-jusquen-2027\\\/#article\",\"isPartOf\":{\"@id\":\"https:\\\/\\\/martinique2050.com\\\/el-nino-la-planete-entre-en-zone-dangereuse-jusquen-2027\\\/\"},\"author\":{\"name\":\"M\u00e9lissa Vergnaud\",\"@id\":\"https:\\\/\\\/martinique2050.com\\\/#\\\/schema\\\/person\\\/23865916c68d68d3976773d98d382e0e\"},\"headline\":\"El Ni\u00f1o : la plan\u00e8te entre en \u00ab zone dangereuse \u00bb jusqu&rsquo;en 2027\",\"datePublished\":\"2026-09-04T14:24:12+00:00\",\"dateModified\":\"2026-09-04T15:23:52+00:00\",\"mainEntityOfPage\":{\"@id\":\"https:\\\/\\\/martinique2050.com\\\/el-nino-la-planete-entre-en-zone-dangereuse-jusquen-2027\\\/\"},\"wordCount\":901,\"image\":{\"@id\":\"https:\\\/\\\/martinique2050.com\\\/el-nino-la-planete-entre-en-zone-dangereuse-jusquen-2027\\\/#primaryimage\"},\"thumbnailUrl\":\"https:\\\/\\\/martinique2050.com\\\/wp-content\\\/uploads\\\/2026\\\/09\\\/JI2QSCV5UNH4RODDNPDHHQVFXE.jpg\",\"keywords\":[\"caraibe\",\"developpement durable\",\"\u00e9cologie\",\"energie\",\"Environnement\",\"\u00c9v\u00e9nement\",\"martinique\",\"nature\",\"r\u00e9chauffement climatique\",\"Transition \u00e9nerg\u00e9tique\"],\"articleSection\":[\"Actualit\u00e9s\",\"Energie\",\"Risques Naturels\"],\"inLanguage\":\"en-US\"},{\"@type\":\"WebPage\",\"@id\":\"https:\\\/\\\/martinique2050.com\\\/el-nino-la-planete-entre-en-zone-dangereuse-jusquen-2027\\\/\",\"url\":\"https:\\\/\\\/martinique2050.com\\\/el-nino-la-planete-entre-en-zone-dangereuse-jusquen-2027\\\/\",\"name\":\"El Ni\u00f1o : la plan\u00e8te entre en \u00ab zone dangereuse \u00bb jusqu'en 2027 - martinique2050\",\"isPartOf\":{\"@id\":\"https:\\\/\\\/martinique2050.com\\\/#website\"},\"primaryImageOfPage\":{\"@id\":\"https:\\\/\\\/martinique2050.com\\\/el-nino-la-planete-entre-en-zone-dangereuse-jusquen-2027\\\/#primaryimage\"},\"image\":{\"@id\":\"https:\\\/\\\/martinique2050.com\\\/el-nino-la-planete-entre-en-zone-dangereuse-jusquen-2027\\\/#primaryimage\"},\"thumbnailUrl\":\"https:\\\/\\\/martinique2050.com\\\/wp-content\\\/uploads\\\/2026\\\/09\\\/JI2QSCV5UNH4RODDNPDHHQVFXE.jpg\",\"datePublished\":\"2026-09-04T14:24:12+00:00\",\"dateModified\":\"2026-09-04T15:23:52+00:00\",\"author\":{\"@id\":\"https:\\\/\\\/martinique2050.com\\\/#\\\/schema\\\/person\\\/23865916c68d68d3976773d98d382e0e\"},\"description\":\"Il ne faiblira pas avant 2027. L'Organisation m\u00e9t\u00e9orologique mondiale (OMM) n'a jamais \u00e9t\u00e9 aussi affirmative : El Ni\u00f1o devrait devenir \u00ab tr\u00e8s intense \u00bb\",\"breadcrumb\":{\"@id\":\"https:\\\/\\\/martinique2050.com\\\/el-nino-la-planete-entre-en-zone-dangereuse-jusquen-2027\\\/#breadcrumb\"},\"inLanguage\":\"en-US\",\"potentialAction\":[{\"@type\":\"ReadAction\",\"target\":[\"https:\\\/\\\/martinique2050.com\\\/el-nino-la-planete-entre-en-zone-dangereuse-jusquen-2027\\\/\"]}]},{\"@type\":\"ImageObject\",\"inLanguage\":\"en-US\",\"@id\":\"https:\\\/\\\/martinique2050.com\\\/el-nino-la-planete-entre-en-zone-dangereuse-jusquen-2027\\\/#primaryimage\",\"url\":\"https:\\\/\\\/martinique2050.com\\\/wp-content\\\/uploads\\\/2026\\\/09\\\/JI2QSCV5UNH4RODDNPDHHQVFXE.jpg\",\"contentUrl\":\"https:\\\/\\\/martinique2050.com\\\/wp-content\\\/uploads\\\/2026\\\/09\\\/JI2QSCV5UNH4RODDNPDHHQVFXE.jpg\",\"width\":932,\"height\":582,\"caption\":\"This satellite image provided by CIRA\\\/NOAA shows three storms, from left, Hurricane Lowell, Hurricane Karina and Tropical Storm Marie in the Pacific Ocean on Wednesday, Sept. 2, 2026. (CIRA\\\/NOAA via AP)\\\/NY405\\\/26245751670374\\\/AP PROVIDES ACCESS TO THIS PUBLICLY DISTRIBUTED HANDOUT PHOTO PROVIDED BY CIRA\\\/NOAA; MANDATORY CREDIT\\\/2609022302\"},{\"@type\":\"BreadcrumbList\",\"@id\":\"https:\\\/\\\/martinique2050.com\\\/el-nino-la-planete-entre-en-zone-dangereuse-jusquen-2027\\\/#breadcrumb\",\"itemListElement\":[{\"@type\":\"ListItem\",\"position\":1,\"name\":\"Home\",\"item\":\"https:\\\/\\\/martinique2050.com\\\/\"},{\"@type\":\"ListItem\",\"position\":2,\"name\":\"El Ni\u00f1o : la plan\u00e8te entre en \u00ab zone dangereuse \u00bb jusqu&rsquo;en 2027\"}]},{\"@type\":\"WebSite\",\"@id\":\"https:\\\/\\\/martinique2050.com\\\/#website\",\"url\":\"https:\\\/\\\/martinique2050.com\\\/\",\"name\":\"martinique2050\",\"description\":\"Actualit\u00e9 du d\u00e9veloppement durable et de l&#039;\u00e9conomie circulaire en Martinique\",\"potentialAction\":[{\"@type\":\"SearchAction\",\"target\":{\"@type\":\"EntryPoint\",\"urlTemplate\":\"https:\\\/\\\/martinique2050.com\\\/?s={search_term_string}\"},\"query-input\":{\"@type\":\"PropertyValueSpecification\",\"valueRequired\":true,\"valueName\":\"search_term_string\"}}],\"inLanguage\":\"en-US\"},{\"@type\":\"Person\",\"@id\":\"https:\\\/\\\/martinique2050.com\\\/#\\\/schema\\\/person\\\/23865916c68d68d3976773d98d382e0e\",\"name\":\"M\u00e9lissa Vergnaud\",\"image\":{\"@type\":\"ImageObject\",\"inLanguage\":\"en-US\",\"@id\":\"https:\\\/\\\/secure.gravatar.com\\\/avatar\\\/eb6b97eef004d4c3ee299cf7265ff444cc09f9fb5909953c4218f780f9b4f9fc?s=96&d=mm&r=g\",\"url\":\"https:\\\/\\\/secure.gravatar.com\\\/avatar\\\/eb6b97eef004d4c3ee299cf7265ff444cc09f9fb5909953c4218f780f9b4f9fc?s=96&d=mm&r=g\",\"contentUrl\":\"https:\\\/\\\/secure.gravatar.com\\\/avatar\\\/eb6b97eef004d4c3ee299cf7265ff444cc09f9fb5909953c4218f780f9b4f9fc?s=96&d=mm&r=g\",\"caption\":\"M\u00e9lissa Vergnaud\"},\"url\":\"https:\\\/\\\/martinique2050.com\\\/en\\\/author\\\/melissa3ed-fr\\\/\"}]}<\/script>\n<!-- \/ Yoast SEO plugin. -->","yoast_head_json":{"title":"El Ni\u00f1o : la plan\u00e8te entre en \u00ab zone dangereuse \u00bb jusqu'en 2027 - martinique2050","description":"Il ne faiblira pas avant 2027. L'Organisation m\u00e9t\u00e9orologique mondiale (OMM) n'a jamais \u00e9t\u00e9 aussi affirmative : El Ni\u00f1o devrait devenir \u00ab tr\u00e8s intense \u00bb","robots":{"index":"index","follow":"follow","max-snippet":"max-snippet:-1","max-image-preview":"max-image-preview:large","max-video-preview":"max-video-preview:-1"},"canonical":"https:\/\/martinique2050.com\/en\/el-nino-la-planete-entre-en-zone-dangereuse-jusquen-2027\/","og_locale":"en_US","og_type":"article","og_title":"El Ni\u00f1o : la plan\u00e8te entre en \u00ab zone dangereuse \u00bb jusqu'en 2027 - martinique2050","og_description":"Il ne faiblira pas avant 2027. L'Organisation m\u00e9t\u00e9orologique mondiale (OMM) n'a jamais \u00e9t\u00e9 aussi affirmative : El Ni\u00f1o devrait devenir \u00ab tr\u00e8s intense \u00bb","og_url":"https:\/\/martinique2050.com\/en\/el-nino-la-planete-entre-en-zone-dangereuse-jusquen-2027\/","og_site_name":"martinique2050","article_published_time":"2026-09-04T14:24:12+00:00","article_modified_time":"2026-09-04T15:23:52+00:00","og_image":[{"width":932,"height":582,"url":"https:\/\/martinique2050.com\/wp-content\/uploads\/2026\/09\/JI2QSCV5UNH4RODDNPDHHQVFXE.jpg","type":"image\/jpeg"}],"author":"M\u00e9lissa Vergnaud","twitter_card":"summary_large_image","twitter_misc":{"Written by":"M\u00e9lissa Vergnaud","Est. reading time":"4 minutes"},"schema":{"@context":"https:\/\/schema.org","@graph":[{"@type":"NewsArticle","@id":"https:\/\/martinique2050.com\/el-nino-la-planete-entre-en-zone-dangereuse-jusquen-2027\/#article","isPartOf":{"@id":"https:\/\/martinique2050.com\/el-nino-la-planete-entre-en-zone-dangereuse-jusquen-2027\/"},"author":{"name":"M\u00e9lissa Vergnaud","@id":"https:\/\/martinique2050.com\/#\/schema\/person\/23865916c68d68d3976773d98d382e0e"},"headline":"El Ni\u00f1o : la plan\u00e8te entre en \u00ab zone dangereuse \u00bb jusqu&rsquo;en 2027","datePublished":"2026-09-04T14:24:12+00:00","dateModified":"2026-09-04T15:23:52+00:00","mainEntityOfPage":{"@id":"https:\/\/martinique2050.com\/el-nino-la-planete-entre-en-zone-dangereuse-jusquen-2027\/"},"wordCount":901,"image":{"@id":"https:\/\/martinique2050.com\/el-nino-la-planete-entre-en-zone-dangereuse-jusquen-2027\/#primaryimage"},"thumbnailUrl":"https:\/\/martinique2050.com\/wp-content\/uploads\/2026\/09\/JI2QSCV5UNH4RODDNPDHHQVFXE.jpg","keywords":["caraibe","developpement durable","\u00e9cologie","energie","Environnement","\u00c9v\u00e9nement","martinique","nature","r\u00e9chauffement climatique","Transition \u00e9nerg\u00e9tique"],"articleSection":["Actualit\u00e9s","Energie","Risques Naturels"],"inLanguage":"en-US"},{"@type":"WebPage","@id":"https:\/\/martinique2050.com\/el-nino-la-planete-entre-en-zone-dangereuse-jusquen-2027\/","url":"https:\/\/martinique2050.com\/el-nino-la-planete-entre-en-zone-dangereuse-jusquen-2027\/","name":"El Ni\u00f1o : la plan\u00e8te entre en \u00ab zone dangereuse \u00bb jusqu'en 2027 - martinique2050","isPartOf":{"@id":"https:\/\/martinique2050.com\/#website"},"primaryImageOfPage":{"@id":"https:\/\/martinique2050.com\/el-nino-la-planete-entre-en-zone-dangereuse-jusquen-2027\/#primaryimage"},"image":{"@id":"https:\/\/martinique2050.com\/el-nino-la-planete-entre-en-zone-dangereuse-jusquen-2027\/#primaryimage"},"thumbnailUrl":"https:\/\/martinique2050.com\/wp-content\/uploads\/2026\/09\/JI2QSCV5UNH4RODDNPDHHQVFXE.jpg","datePublished":"2026-09-04T14:24:12+00:00","dateModified":"2026-09-04T15:23:52+00:00","author":{"@id":"https:\/\/martinique2050.com\/#\/schema\/person\/23865916c68d68d3976773d98d382e0e"},"description":"Il ne faiblira pas avant 2027. L'Organisation m\u00e9t\u00e9orologique mondiale (OMM) n'a jamais \u00e9t\u00e9 aussi affirmative : El Ni\u00f1o devrait devenir \u00ab tr\u00e8s intense \u00bb","breadcrumb":{"@id":"https:\/\/martinique2050.com\/el-nino-la-planete-entre-en-zone-dangereuse-jusquen-2027\/#breadcrumb"},"inLanguage":"en-US","potentialAction":[{"@type":"ReadAction","target":["https:\/\/martinique2050.com\/el-nino-la-planete-entre-en-zone-dangereuse-jusquen-2027\/"]}]},{"@type":"ImageObject","inLanguage":"en-US","@id":"https:\/\/martinique2050.com\/el-nino-la-planete-entre-en-zone-dangereuse-jusquen-2027\/#primaryimage","url":"https:\/\/martinique2050.com\/wp-content\/uploads\/2026\/09\/JI2QSCV5UNH4RODDNPDHHQVFXE.jpg","contentUrl":"https:\/\/martinique2050.com\/wp-content\/uploads\/2026\/09\/JI2QSCV5UNH4RODDNPDHHQVFXE.jpg","width":932,"height":582,"caption":"This satellite image provided by CIRA\/NOAA shows three storms, from left, Hurricane Lowell, Hurricane Karina and Tropical Storm Marie in the Pacific Ocean on Wednesday, Sept. 2, 2026. (CIRA\/NOAA via AP)\/NY405\/26245751670374\/AP PROVIDES ACCESS TO THIS PUBLICLY DISTRIBUTED HANDOUT PHOTO PROVIDED BY CIRA\/NOAA; MANDATORY CREDIT\/2609022302"},{"@type":"BreadcrumbList","@id":"https:\/\/martinique2050.com\/el-nino-la-planete-entre-en-zone-dangereuse-jusquen-2027\/#breadcrumb","itemListElement":[{"@type":"ListItem","position":1,"name":"Home","item":"https:\/\/martinique2050.com\/"},{"@type":"ListItem","position":2,"name":"El Ni\u00f1o : la plan\u00e8te entre en \u00ab zone dangereuse \u00bb jusqu&rsquo;en 2027"}]},{"@type":"WebSite","@id":"https:\/\/martinique2050.com\/#website","url":"https:\/\/martinique2050.com\/","name":"martinique2050","description":"Latest News on Sustainable Development and the Circular Economy in Martinique","potentialAction":[{"@type":"SearchAction","target":{"@type":"EntryPoint","urlTemplate":"https:\/\/martinique2050.com\/?s={search_term_string}"},"query-input":{"@type":"PropertyValueSpecification","valueRequired":true,"valueName":"search_term_string"}}],"inLanguage":"en-US"},{"@type":"Person","@id":"https:\/\/martinique2050.com\/#\/schema\/person\/23865916c68d68d3976773d98d382e0e","name":"M\u00e9lissa Vergnaud","image":{"@type":"ImageObject","inLanguage":"en-US","@id":"https:\/\/secure.gravatar.com\/avatar\/eb6b97eef004d4c3ee299cf7265ff444cc09f9fb5909953c4218f780f9b4f9fc?s=96&d=mm&r=g","url":"https:\/\/secure.gravatar.com\/avatar\/eb6b97eef004d4c3ee299cf7265ff444cc09f9fb5909953c4218f780f9b4f9fc?s=96&d=mm&r=g","contentUrl":"https:\/\/secure.gravatar.com\/avatar\/eb6b97eef004d4c3ee299cf7265ff444cc09f9fb5909953c4218f780f9b4f9fc?s=96&d=mm&r=g","caption":"M\u00e9lissa Vergnaud"},"url":"https:\/\/martinique2050.com\/en\/author\/melissa3ed-fr\/"}]}},"_links":{"self":[{"href":"https:\/\/martinique2050.com\/en\/wp-json\/wp\/v2\/posts\/9317","targetHints":{"allow":["GET"]}}],"collection":[{"href":"https:\/\/martinique2050.com\/en\/wp-json\/wp\/v2\/posts"}],"about":[{"href":"https:\/\/martinique2050.com\/en\/wp-json\/wp\/v2\/types\/post"}],"author":[{"embeddable":true,"href":"https:\/\/martinique2050.com\/en\/wp-json\/wp\/v2\/users\/8"}],"replies":[{"embeddable":true,"href":"https:\/\/martinique2050.com\/en\/wp-json\/wp\/v2\/comments?post=9317"}],"version-history":[{"count":2,"href":"https:\/\/martinique2050.com\/en\/wp-json\/wp\/v2\/posts\/9317\/revisions"}],"predecessor-version":[{"id":9331,"href":"https:\/\/martinique2050.com\/en\/wp-json\/wp\/v2\/posts\/9317\/revisions\/9331"}],"wp:featuredmedia":[{"embeddable":true,"href":"https:\/\/martinique2050.com\/en\/wp-json\/wp\/v2\/media\/9318"}],"wp:attachment":[{"href":"https:\/\/martinique2050.com\/en\/wp-json\/wp\/v2\/media?parent=9317"}],"wp:term":[{"taxonomy":"category","embeddable":true,"href":"https:\/\/martinique2050.com\/en\/wp-json\/wp\/v2\/categories?post=9317"},{"taxonomy":"post_tag","embeddable":true,"href":"https:\/\/martinique2050.com\/en\/wp-json\/wp\/v2\/tags?post=9317"}],"curies":[{"name":"wp","href":"https:\/\/api.w.org\/{rel}","templated":true}]}}